{"id":1000,"date":"2023-09-26T22:48:16","date_gmt":"2023-09-26T20:48:16","guid":{"rendered":"https:\/\/place-armes-idf.fr\/?p=1000"},"modified":"2023-09-28T08:27:18","modified_gmt":"2023-09-28T06:27:18","slug":"soutenons-nos-forces-de-lordre-et-les-victimes","status":"publish","type":"post","link":"https:\/\/idnf.fr\/?p=1000","title":{"rendered":"SOUTENONS NOS FORCES DE L&rsquo;ORDRE ET LES VICTIMES"},"content":{"rendered":"\n<figure class=\"wp-block-image size-large\"><img data-recalc-dims=\"1\" loading=\"lazy\" decoding=\"async\" width=\"640\" height=\"586\" src=\"https:\/\/i0.wp.com\/oparswr.cluster023.hosting.ovh.net\/wp-content\/uploads\/2023\/09\/5807543551339380857_121-1024x937.jpg?resize=640%2C586\" alt=\"\" class=\"wp-image-1001\" srcset=\"https:\/\/i0.wp.com\/idnf.fr\/wp-content\/uploads\/2023\/09\/5807543551339380857_121.jpg?resize=1024%2C937&amp;ssl=1 1024w, https:\/\/i0.wp.com\/idnf.fr\/wp-content\/uploads\/2023\/09\/5807543551339380857_121.jpg?resize=300%2C274&amp;ssl=1 300w, https:\/\/i0.wp.com\/idnf.fr\/wp-content\/uploads\/2023\/09\/5807543551339380857_121.jpg?resize=768%2C703&amp;ssl=1 768w, https:\/\/i0.wp.com\/idnf.fr\/wp-content\/uploads\/2023\/09\/5807543551339380857_121.jpg?w=1280&amp;ssl=1 1280w\" sizes=\"auto, (max-width: 640px) 100vw, 640px\" \/><\/figure>\n\n\n\n<p class=\"has-black-color has-text-color\">Voici la liste des 5 premi\u00e8res villes dans lesquelles le rassemblement en soutien aux forces de l&rsquo;ordre et aux victimes aura lieu. Gageons que d&rsquo;autres villes emboiteront le pas.<\/p>\n\n\n\n<p class=\"has-black-color has-text-color\">Avant toute chose, petit message \u00e0 l&rsquo;attention de nos aimables autorit\u00e9s. Fort de cette malheureuse exp\u00e9rience qui nous a frapp\u00e9 le 13 mai dernier avec l&rsquo;interdiction de notre marche pourtant pacifique, il nous apparait utile de pr\u00e9ciser que ces rassemblements visent avant tout \u00e0 r\u00e9affirmer et d\u00e9fendre en eux l&rsquo;un des fondements m\u00eames de notre r\u00e9publique : la libert\u00e9.<\/p>\n\n\n\n<p class=\"has-black-color has-text-color\">En effet, qui garantit le mieux l&rsquo;espace de libert\u00e9 dans lequel nous vivons si ce n&rsquo;est ces hommes dont le travail est souvent obscur, m\u00e9connu (piti\u00e9 ne regardez pas les s\u00e9ries am\u00e9ricaines&#8230;) , peu reconnu, ingrat \u00e0 bien des \u00e9gards, et pourtant tellement humain, difficile, exigeant l&rsquo;impossible en de maintes occasions et toujours au service du Bien Commun.<\/p>\n\n\n\n<p class=\"has-black-color has-text-color\">Nos force de l&rsquo;ordre vont mal car notre soci\u00e9t\u00e9 va mal.<\/p>\n\n\n\n<p class=\"has-black-color has-text-color\">Et non pas l&rsquo;inverse comme souhaiterait le d\u00e9montrer cette gauche qui tourne le dos au peuple en lui faisant croire que le mal est en ceux qui d\u00e9fendent le bien.<\/p>\n\n\n\n<p class=\"has-black-color has-text-color\">Pire, en trouvant forc\u00e9ment des excuses aux agresseurs, violeurs et autres petits sauvageons des cit\u00e9s, elle disqualifie les victimes, r\u00e9duites \u00e0 l&rsquo;\u00e9tat de figurants d&rsquo;un drame dont elles sont l&rsquo;objet et en m\u00eame temps exclues. Qui les victimes int\u00e9ressent elles ?<\/p>\n\n\n\n<p class=\"has-black-color has-text-color\">Pas les medias.<\/p>\n\n\n\n<p class=\"has-black-color has-text-color\">La justice ou plut\u00f4t le syst\u00e8me judiciaire ? Pas davantage.<\/p>\n\n\n\n<p class=\"has-black-color has-text-color\">L&rsquo;honneur et la fid\u00e9lit\u00e9 que les forces del&rsquo;ordre t\u00e9moignent au peuple et \u00e0 la Nation sont des valeurs peu communes de nos jours et nous ne pouvons que louer votre action quotidienne en tant que citoyen lucide sur le fonctionnement m\u00eame de notre soci\u00e9t\u00e9 .<\/p>\n\n\n\n<p class=\"has-black-color has-text-color\">C&rsquo;est pourquoi nous serons \u00e0 vos c\u00f4t\u00e9s samedi 30 septembre \u00e0 15 H dans les villes de France et vous soutiendrons contre vents et mar\u00e9es pour que cesse cette situation ridicule et inf\u00e2mante consistant \u00e0 vous encenser le soir du Bataclan pour mieux vous pi\u00e9tiner par la suite.<\/p>\n\n\n\n<p class=\"has-black-color has-text-color\"> L&rsquo;irresponsabilit\u00e9 de ces hommes politiques au fonds de commerce \u00e9lectoral peu reluisant est confondante et il est du devoir de tout citoyen d\u00e9sireux de retrouver une concorde entre la police et le peuple de manifester \u00e0 nos c\u00f4t\u00e9s et r\u00e9affirmer les valeurs morales de justice, loyaut\u00e9, g\u00e9n\u00e9rosit\u00e9 et responsabilit\u00e9 individuelle au service du Bien Commun.<\/p>\n\n\n\n<p class=\"has-black-color has-text-color\">Amiti\u00e9s Patriotes<\/p>\n\n\n\n<p class=\"has-black-color has-text-color\">, Patrice MAGNERON<\/p>\n\n\n\n<p>  <\/p>\n","protected":false},"excerpt":{"rendered":"<p>Voici la liste des 5 premi\u00e8res villes dans lesquelles le rassemblement en soutien aux forces&#8230;<\/p>\n","protected":false},"author":2,"featured_media":1001,"comment_status":"open","ping_status":"open","sticky":false,"template":"","format":"standard","meta":{"_EventAllDay":false,"_EventTimezone":"","_EventStartDate":"","_EventEndDate":"","_EventStartDateUTC":"","_EventEndDateUTC":"","_EventShowMap":false,"_EventShowMapLink":false,"_EventURL":"","_EventCost":"","_EventCostDescription":"","_EventCurrencySymbol":"","_EventCurrencyCode":"","_EventCurrencyPosition":"","_EventDateTimeSeparator":"","_EventTimeRangeSeparator":"","_EventOrganizerID":[],"_EventVenueID":[],"_OrganizerEmail":"","_OrganizerPhone":"","_OrganizerWebsite":"","_VenueAddress":"","_VenueCity":"","_VenueCountry":"","_VenueProvince":"","_VenueState":"","_VenueZip":"","_VenuePhone":"","_VenueURL":"","_VenueStateProvince":"","_VenueLat":"","_VenueLng":"","_VenueShowMap":false,"_VenueShowMapLink":false,"jetpack_post_was_ever_published":false,"_jetpack_newsletter_access":"","_jetpack_dont_email_post_to_subs":false,"_jetpack_newsletter_tier_id":0,"_jetpack_memberships_contains_paywalled_content":false,"_jetpack_memberships_contains_paid_content":false,"footnotes":"","jetpack_publicize_message":"","jetpack_publicize_feature_enabled":true,"jetpack_social_post_already_shared":true,"jetpack_social_options":{"image_generator_settings":{"template":"highway","default_image_id":0,"font":"","enabled":false},"version":2}},"categories":[10,33,11,22,21],"tags":[],"class_list":["post-1000","post","type-post","status-publish","format-standard","has-post-thumbnail","hentry","category-actions","category-articles","category-editorial","category-mili","category-soutien"],"jetpack_publicize_connections":[],"jetpack_featured_media_url":"https:\/\/i0.wp.com\/idnf.fr\/wp-content\/uploads\/2023\/09\/5807543551339380857_121.jpg?fit=1280%2C1171&ssl=1","jetpack_sharing_enabled":true,"_links":{"self":[{"href":"https:\/\/idnf.fr\/index.php?rest_route=\/wp\/v2\/posts\/1000","targetHints":{"allow":["GET"]}}],"collection":[{"href":"https:\/\/idnf.fr\/index.php?rest_route=\/wp\/v2\/posts"}],"about":[{"href":"https:\/\/idnf.fr\/index.php?rest_route=\/wp\/v2\/types\/post"}],"author":[{"embeddable":true,"href":"https:\/\/idnf.fr\/index.php?rest_route=\/wp\/v2\/users\/2"}],"replies":[{"embeddable":true,"href":"https:\/\/idnf.fr\/index.php?rest_route=%2Fwp%2Fv2%2Fcomments&post=1000"}],"version-history":[{"count":2,"href":"https:\/\/idnf.fr\/index.php?rest_route=\/wp\/v2\/posts\/1000\/revisions"}],"predecessor-version":[{"id":1003,"href":"https:\/\/idnf.fr\/index.php?rest_route=\/wp\/v2\/posts\/1000\/revisions\/1003"}],"wp:featuredmedia":[{"embeddable":true,"href":"https:\/\/idnf.fr\/index.php?rest_route=\/wp\/v2\/media\/1001"}],"wp:attachment":[{"href":"https:\/\/idnf.fr\/index.php?rest_route=%2Fwp%2Fv2%2Fmedia&parent=1000"}],"wp:term":[{"taxonomy":"category","embeddable":true,"href":"https:\/\/idnf.fr\/index.php?rest_route=%2Fwp%2Fv2%2Fcategories&post=1000"},{"taxonomy":"post_tag","embeddable":true,"href":"https:\/\/idnf.fr\/index.php?rest_route=%2Fwp%2Fv2%2Ftags&post=1000"}],"curies":[{"name":"wp","href":"https:\/\/api.w.org\/{rel}","templated":true}]}}