{"id":1004,"date":"2023-09-28T08:28:12","date_gmt":"2023-09-28T06:28:12","guid":{"rendered":"https:\/\/place-armes-idf.fr\/?p=1004"},"modified":"2023-09-29T09:12:43","modified_gmt":"2023-09-29T07:12:43","slug":"la-haine-nest-pas-dans-notre-camp","status":"publish","type":"post","link":"https:\/\/idnf.fr\/?p=1004","title":{"rendered":"LA HAINE N&rsquo;EST PAS DANS NOTRE CAMP"},"content":{"rendered":"\n<figure class=\"wp-block-image aligncenter size-full\"><img data-recalc-dims=\"1\" loading=\"lazy\" decoding=\"async\" width=\"288\" height=\"288\" src=\"https:\/\/i0.wp.com\/oparswr.cluster023.hosting.ovh.net\/wp-content\/uploads\/2023\/09\/ab0993_c06aa78bf7994ca392bdad555aaaa98bmv2.webp?resize=288%2C288\" alt=\"\" class=\"wp-image-1005\" srcset=\"https:\/\/i0.wp.com\/idnf.fr\/wp-content\/uploads\/2023\/09\/ab0993_c06aa78bf7994ca392bdad555aaaa98bmv2.webp?w=288&amp;ssl=1 288w, https:\/\/i0.wp.com\/idnf.fr\/wp-content\/uploads\/2023\/09\/ab0993_c06aa78bf7994ca392bdad555aaaa98bmv2.webp?resize=150%2C150&amp;ssl=1 150w\" sizes=\"auto, (max-width: 288px) 100vw, 288px\" \/><\/figure>\n\n\n\n<p class=\"has-black-color has-text-color\">Le rassemblement organis\u00e9 samedi prochain \u00e0 15 H dans toute la France \u00e0 l&rsquo;initiative du collectif \u00ab\u00a0La France aime la police\u00a0\u00bb est plus qu&rsquo;une r\u00e9action \u00e9motionnelle \u00e0 la manifestation tenue le week-end dernier \u00e0 Paris \u00e0 l&rsquo;instigation des mouvements associatifs et politiques gauchistes.<\/p>\n\n\n\n<p class=\"has-black-color has-text-color\">Et elle n&rsquo;est en aucun cas une r\u00e9action \u00e9pidermique.<\/p>\n\n\n\n<p class=\"has-black-color has-text-color\">Un ras le bol oui. Une exasp\u00e9ration oui. Une lassitude oui.<\/p>\n\n\n\n<p class=\"has-black-color has-text-color\">Mais aussi une main tendue vers ce peuple des gens sans grade victime des agressions et autres incivilit\u00e9s quotidiennes contre lesquelles ils ne peuvent rien, non pas par l\u00e2chet\u00e9, mais parce que le plateau de la balance qu&rsquo;incarne la justice a bascul\u00e9 du c\u00f4t\u00e9 des voyous, des racailles, des dealers \u00e0 la petite semaine, des violeurs, excus\u00e9s de tout car absous de tout depuis la d\u00e9couverte de la psychanalyse, cette forfaiture intellectuelle justifiant la d\u00e9responsabilisation individuelle au d\u00e9triment de notre Bien Commun.<\/p>\n\n\n\n<p class=\"has-black-color has-text-color\">C&rsquo;est aussi une r\u00e9flexion de fonds sur le r\u00f4le de chacun dans ce qu&rsquo;il convenait d&rsquo;appeler il y a encore peu la Soci\u00e9t\u00e9 et qui a vol\u00e9 en \u00e9clat sous les coups r\u00e9p\u00e9t\u00e9s de l&rsquo;individualisme et de la perte du sens des valeurs morales.<\/p>\n\n\n\n<p class=\"has-black-color has-text-color\">Qui fait quoi ? Quels sont les droits de chacun ?Quels sont les devoirs de chacun ? <\/p>\n\n\n\n<p class=\"has-black-color has-text-color\"> Il semble que ces derniers aient \u00e9t\u00e9 oubli\u00e9s&#8230; Tout du moins, il est plus porteur- \u00e9lectoralement parlant &#8211; de vendre les droits que les devoirs, de justifier une emprise sur les esprits \u00e9gar\u00e9s en invoquant la promesse de nouveaux  droits individuels (moi, je&#8230;, j&rsquo;ai droit \u00e0 &#8230;) que  de porter un discours emplis de mots tels que devoir, respect, solidarit\u00e9, protection du Bien Commun.<\/p>\n\n\n\n<p class=\"has-black-color has-text-color\">Pour certains de nos \u00e9lus, il est plus commode de tra\u00eener dans la boue, d&rsquo;humilier les d\u00e9fenseurs, les gardiens de ce temple incarnant la Nation en les traitant d&rsquo;assassins plut\u00f4t que reconna\u00eetre qu&rsquo;ils sont le maillon indispensable, fort, incorruptible de la cha\u00eene de la vie en soci\u00e9t\u00e9.<\/p>\n\n\n\n<p class=\"has-black-color has-text-color\">Nous avons besoin des forces de l&rsquo;ordre, de la police, de la gendarmerie, de l&rsquo;arm\u00e9e et de toute institution d\u00e9fendant la Loi, prot\u00e9geant la Loi.<\/p>\n\n\n\n<p class=\"has-black-color has-text-color\">D&rsquo;ailleurs, le peuple ne s&rsquo;y trompe pas. Il reconnait la valeur de ces hommes et \u00e9vite l&rsquo;amalgame faussement d\u00e9magogique que M\u00e9lenchon et consorts op\u00e8rent en confondant l&rsquo;abn\u00e9gation quotidienne de ces for\u00e7ats, leur courage et leur loyaut\u00e9 avec les ordres \u00ab\u00a0venant d&rsquo;en haut\u00a0\u00bb, avec ces directives et autres instructions \u00e9manant de th\u00e9oriciens rompus \u00e0 la lecture des livres mais beaucoup moins rompus \u00e0 l&rsquo;art du commandement des hommes et rarement confront\u00e9s \u00e0 la r\u00e9alit\u00e9 du terrain. <\/p>\n\n\n\n<p class=\"has-black-color has-text-color\">Quand on est un rouage du syst\u00e8me, on le subit&#8230; La derni\u00e8re r\u00e9forme de la police judiciaire en est un triste exemple.<\/p>\n\n\n\n<p class=\"has-black-color has-text-color\">Alors il est de notre devoir, oui de notre devoir de, non pas les d\u00e9fendre, ce serait leur faire injure, mais de nous placer \u00e0 leurs c\u00f4t\u00e9s et leur montrer combien nous les aimons et sommes reconnaissants de ce qu&rsquo;ils sont et de ce qu&rsquo;ils font.<\/p>\n\n\n\n<p class=\"has-black-color has-text-color\">Et de cesser de cette opposition que d&rsquo;aucun voudrait en pr\u00e9lude de guerre civile.<\/p>\n\n\n\n<p class=\"has-black-color has-text-color\">Tous ensemble au c\u00f4t\u00e9 de ces hommes samedi prochain !<\/p>\n\n\n\n<p class=\"has-black-color has-text-color\">Amiti\u00e9s patriotes<\/p>\n\n\n\n<p class=\"has-black-color has-text-color\">P.MAGNERON <\/p>\n\n\n\n<p><\/p>\n","protected":false},"excerpt":{"rendered":"<p>Le rassemblement organis\u00e9 samedi prochain \u00e0 15 H dans toute la France \u00e0 l&rsquo;initiative du&#8230;<\/p>\n","protected":false},"author":2,"featured_media":1005,"comment_status":"open","ping_status":"open","sticky":true,"template":"","format":"standard","meta":{"_EventAllDay":false,"_EventTimezone":"","_EventStartDate":"","_EventEndDate":"","_EventStartDateUTC":"","_EventEndDateUTC":"","_EventShowMap":false,"_EventShowMapLink":false,"_EventURL":"","_EventCost":"","_EventCostDescription":"","_EventCurrencySymbol":"","_EventCurrencyCode":"","_EventCurrencyPosition":"","_EventDateTimeSeparator":"","_EventTimeRangeSeparator":"","_EventOrganizerID":[],"_EventVenueID":[],"_OrganizerEmail":"","_OrganizerPhone":"","_OrganizerWebsite":"","_VenueAddress":"","_VenueCity":"","_VenueCountry":"","_VenueProvince":"","_VenueState":"","_VenueZip":"","_VenuePhone":"","_VenueURL":"","_VenueStateProvince":"","_VenueLat":"","_VenueLng":"","_VenueShowMap":false,"_VenueShowMapLink":false,"jetpack_post_was_ever_published":false,"_jetpack_newsletter_access":"","_jetpack_dont_email_post_to_subs":false,"_jetpack_newsletter_tier_id":0,"_jetpack_memberships_contains_paywalled_content":false,"_jetpack_memberships_contains_paid_content":false,"footnotes":"","jetpack_publicize_message":"","jetpack_publicize_feature_enabled":true,"jetpack_social_post_already_shared":true,"jetpack_social_options":{"image_generator_settings":{"template":"highway","default_image_id":0,"font":"","enabled":false},"version":2}},"categories":[10,33,11,22,21],"tags":[],"class_list":["post-1004","post","type-post","status-publish","format-standard","has-post-thumbnail","hentry","category-actions","category-articles","category-editorial","category-mili","category-soutien"],"jetpack_publicize_connections":[],"jetpack_featured_media_url":"https:\/\/i0.wp.com\/idnf.fr\/wp-content\/uploads\/2023\/09\/ab0993_c06aa78bf7994ca392bdad555aaaa98bmv2.webp?fit=288%2C288&ssl=1","jetpack_sharing_enabled":true,"_links":{"self":[{"href":"https:\/\/idnf.fr\/index.php?rest_route=\/wp\/v2\/posts\/1004","targetHints":{"allow":["GET"]}}],"collection":[{"href":"https:\/\/idnf.fr\/index.php?rest_route=\/wp\/v2\/posts"}],"about":[{"href":"https:\/\/idnf.fr\/index.php?rest_route=\/wp\/v2\/types\/post"}],"author":[{"embeddable":true,"href":"https:\/\/idnf.fr\/index.php?rest_route=\/wp\/v2\/users\/2"}],"replies":[{"embeddable":true,"href":"https:\/\/idnf.fr\/index.php?rest_route=%2Fwp%2Fv2%2Fcomments&post=1004"}],"version-history":[{"count":2,"href":"https:\/\/idnf.fr\/index.php?rest_route=\/wp\/v2\/posts\/1004\/revisions"}],"predecessor-version":[{"id":1007,"href":"https:\/\/idnf.fr\/index.php?rest_route=\/wp\/v2\/posts\/1004\/revisions\/1007"}],"wp:featuredmedia":[{"embeddable":true,"href":"https:\/\/idnf.fr\/index.php?rest_route=\/wp\/v2\/media\/1005"}],"wp:attachment":[{"href":"https:\/\/idnf.fr\/index.php?rest_route=%2Fwp%2Fv2%2Fmedia&parent=1004"}],"wp:term":[{"taxonomy":"category","embeddable":true,"href":"https:\/\/idnf.fr\/index.php?rest_route=%2Fwp%2Fv2%2Fcategories&post=1004"},{"taxonomy":"post_tag","embeddable":true,"href":"https:\/\/idnf.fr\/index.php?rest_route=%2Fwp%2Fv2%2Ftags&post=1004"}],"curies":[{"name":"wp","href":"https:\/\/api.w.org\/{rel}","templated":true}]}}