{"id":1261,"date":"2023-12-28T19:41:51","date_gmt":"2023-12-28T18:41:51","guid":{"rendered":"https:\/\/place-armes-idf.fr\/?p=1261"},"modified":"2023-12-28T19:49:35","modified_gmt":"2023-12-28T18:49:35","slug":"deces-de-jcques-delors","status":"publish","type":"post","link":"https:\/\/idnf.fr\/?p=1261","title":{"rendered":"DECES DE JACQUES DELORS"},"content":{"rendered":"\n<figure class=\"wp-block-image aligncenter size-full\"><img data-recalc-dims=\"1\" loading=\"lazy\" decoding=\"async\" width=\"214\" height=\"236\" src=\"https:\/\/i0.wp.com\/oparswr.cluster023.hosting.ovh.net\/wp-content\/uploads\/2023\/12\/Jacques-Delors.jpeg?resize=214%2C236\" alt=\"\" class=\"wp-image-1262\"\/><figcaption class=\"wp-element-caption\">Jacques Delors<\/figcaption><\/figure>\n\n\n\n<p class=\"has-black-color has-text-color has-link-color wp-elements-f60731c8423b88a98e6e8f03eb2b28dd\">Depuis l&rsquo;annonce du d\u00e9c\u00e8s de Jacques Delors le 27 d\u00e9cembre dernier, les t\u00e9moignages de personnalit\u00e9s du monde politique et des medias se succ\u00e8dent, \u00e9logieux souvent, dithyrambiques parfois, sur l&rsquo;h\u00e9ritage laiss\u00e9 par l&rsquo;ancien pr\u00e9sident de la Commission Europ\u00e9enne de 1985 \u00e0 1994.<\/p>\n\n\n\n<p class=\"has-black-color has-text-color has-link-color wp-elements-0c1248b0aba0b7fd3ff775ac0739e6f8\">Si cette pratique n&rsquo;a rien d&rsquo;anormale, arr\u00eatons nous quelques instants sur le parcours hors norme d&rsquo;un homme tour \u00e0 tour, maire, d\u00e9put\u00e9 europ\u00e9en, ministre de l&rsquo;\u00e9conomie et des finances et enfin pr\u00e9sident de la Commission Europ\u00e9enne. Un homme qui aura durablement marqu\u00e9 la sc\u00e8ne politique fran\u00e7aise et internationale.<\/p>\n\n\n\n<p class=\"has-black-color has-text-color has-link-color wp-elements-22c50c22623d8f1f251b1a17be946265\">Curieusement, son ascension politique correspond peu ou prou au d\u00e9clin de la France. Il faut dire que ses prises de position et les mesures alors prises notamment en tant que ministre de l&rsquo;\u00e9conomie de Fran\u00e7ois Mitterrand ont de quoi surprendre. Apr\u00e8s tout, n&rsquo;est il pas socialiste, d&rsquo;un socialisme marqu\u00e9 th\u00e9oriquement d&rsquo;une forte empreinte sociale (ancien syndicaliste CFTC). Enfin \u00e7a c&rsquo;est pour les bonnes gens qui ont eu le tort de croire ce portrait.<\/p>\n\n\n\n<p class=\"has-black-color has-text-color has-link-color wp-elements-d6381b4cbbe3b58df9cc43c89b879c63\">Il supprimera l&rsquo;\u00e9chelle mobile des salaires en 1982, vantera le mod\u00e8le ultra lib\u00e9ral de Ronald Reagan et amorcera le d\u00e9clin de l&rsquo;industrie fran\u00e7aise face \u00e0 notre voisin allemand en raison notamment d&rsquo;une politique mon\u00e9taire d&rsquo;un franc fort, p\u00e9nalisant notre industrie au b\u00e9n\u00e9fice de qui vous savez. Nous sommes bien avant l&rsquo;euro et pourtant les cons\u00e9quences sont identiques&#8230;<\/p>\n\n\n\n<p class=\"has-black-color has-text-color has-link-color wp-elements-fd64f97ec64451af577615bede42e6cd\">Fort de ses succ\u00e8s (tout du moins pour l&rsquo;Allemagne), notre homme sera r\u00e9compens\u00e9 afin de parachever son oeuvre de construction europ\u00e9enne mais surtout de destruction des nations en devenant pendant 10 ans pr\u00e9sident de la Commission Europ\u00e9enne.<\/p>\n\n\n\n<p class=\"has-black-color has-text-color has-link-color wp-elements-633c9b018abffc3acf7c93df5baf339f\">L\u00e0 aussi, la fibre sociale dont il aurait normalement du faire preuve est certainement rest\u00e9e au vestiaire.<\/p>\n\n\n\n<p class=\"has-black-color has-text-color has-link-color wp-elements-a6eeb60ba2e756ea0b24fa1da61dcde0\">Jugez plut\u00f4t. V\u00e9ritable promoteur de la suppression des fronti\u00e8res au sens le plus large possible : fin des fronti\u00e8res commerciales, fiscales, mais aussi financi\u00e8res en jouant un r\u00f4le d\u00e9terminant dans la d\u00e9r\u00e9gulation des march\u00e9s financiers, comprenez par l\u00e0 financiarisation des \u00e9conomies&#8230; Demandez aux Grecs ce qu&rsquo;ils en pensent&#8230;<\/p>\n\n\n\n<p class=\"has-black-color has-text-color has-link-color wp-elements-f2b7971f36256fdba6a3180f5524b9a6\">Inf\u00e9od\u00e9 \u00e0 la <em>Table Ronde des Industriels Europ\u00e9ens<\/em>, lobby par excellence, il a pouss\u00e9 la lib\u00e9ralisation des capitaux et des march\u00e9s bien plus loin que le pr\u00e9voyait le March\u00e9 Commun avec toutes les cons\u00e9quences que nous connaissons aujourd&rsquo;hui : jamais l&rsquo;Europe n&rsquo;a paru aussi in\u00e9galitaire.<\/p>\n\n\n\n<p class=\"has-black-color has-text-color has-link-color wp-elements-e50e83fc84bd9c31c7b6c143278d3212\">Quelques citations pour mieux cerner cet illustre personnage :<\/p>\n\n\n\n<p class=\"has-black-color has-text-color has-link-color wp-elements-56c08db3de79f01b4bfdf8e72b36ced9\">\u00ab\u00a0<a href=\"http:\/\/evene.lefigaro.fr\/citation\/partageant-souverainetes-nationales-pouvons-mieux-defendre-inte-5469188.php\">C&rsquo;est en partageant nos souverainet\u00e9s nationales que nous pouvons mieux d\u00e9fendre nos int\u00e9r\u00eats communs.<\/a>\u00a0\u00bb Curieux partage&#8230;Nous y voyons plut\u00f4t une dilution et destruction des souverainet\u00e9s nationales.<\/p>\n\n\n\n<p class=\"has-black-color has-text-color has-link-color wp-elements-ed13b020ab2b922e9f5bf4da77bf9826\"><a href=\"http:\/\/evene.lefigaro.fr\/citation\/societe-consommation-privilegie-avoir-detriment-etre-39638.php\">\u201cLa soci\u00e9t\u00e9 de consommation a privil\u00e9gi\u00e9 l&rsquo;avoir au d\u00e9triment de l&rsquo;\u00eatre.\u201d<\/a> Peut-\u00eatre qu&rsquo;en contr\u00f4lant mieux les march\u00e9s&#8230; Mais ce n&rsquo;est pas la voie qu&rsquo;il a retenue.<\/p>\n\n\n\n<p class=\"has-black-color has-text-color has-link-color wp-elements-deb1f0eb0b4867431ef8e454d87bd3aa\"><a href=\"http:\/\/evene.lefigaro.fr\/citation\/consequences-mondialisation-seraient-beaucoup-lourdes-absence-c-5469186.php\">\u201cLes cons\u00e9quences de la mondialisation seraient beaucoup plus lourdes en l&rsquo;absence de construction europ\u00e9enne.\u201d<\/a> Le retour aux souverainet\u00e9s nationales \u00e9viterait certainement cette jungle lib\u00e9rale qu&rsquo;il a favoris\u00e9e.<\/p>\n\n\n\n<p class=\"has-black-color has-text-color has-link-color wp-elements-01f33ca7b46d5db04cde232cd06934c6\">Une petite derni\u00e8re : \u00ab L&rsquo;euro nous apportera la paix, la prosp\u00e9rit\u00e9, la comp\u00e9titivit\u00e9 et, rien que pour la France, il se traduira par la cr\u00e9ation d&rsquo;un million d&#8217;emplois \u00bb On sait maintenant ce qu&rsquo;il advint d&rsquo;\u00e9couter les bonimenteurs&#8230;<\/p>\n\n\n\n<p class=\"has-black-color has-text-color has-link-color wp-elements-4bf1e7f7a92cb981ef81ef640ef2a6e3\">Chacun se fera une opinion mais reconnaissons que ce b\u00e2tisseur d&rsquo;une Europe f\u00e9d\u00e9rale, soumis aux lois de march\u00e9 et donc des lobbys a jou\u00e9 contre son propre camp et d&rsquo;une fa\u00e7on g\u00e9n\u00e9rale contre les nations.<\/p>\n\n\n\n<p class=\"has-black-color has-text-color has-link-color wp-elements-670f625c0ecbb8cc6fff256f82ad3b3d\"><strong>Et pour quel succ\u00e8s ? La paix ? La prosp\u00e9rit\u00e9 \u00e9conomique ? je vous laisse juge.<\/strong><\/p>\n\n\n\n<p class=\"has-black-color has-text-color has-link-color wp-elements-3671a7c779e32c9e182ed6944903fa6b\">Le portrait idyllique d&rsquo;un homme ayant oeuvr\u00e9 toute sa vie pour la d\u00e9construction de son propre pays est avant tout celui d&rsquo;un homme qui s&rsquo;est tromp\u00e9 sciemment en jouant le jeu d&rsquo;autres puissances.<\/p>\n\n\n\n<p class=\"has-black-color has-text-color has-link-color wp-elements-49c59bf4a1264c0c07a00f2d4b666b38\">Paix \u00e0 son \u00e2me.<\/p>\n\n\n\n<p class=\"has-black-color has-text-color has-link-color wp-elements-cb151dea279d70d27fb7204d811deeb8\">Amiti\u00e9s patriotes<\/p>\n\n\n\n<p class=\"has-black-color has-text-color has-link-color wp-elements-b8a86679ee998406bad1a07ed5909a6c\">P.MAGNERON<\/p>\n","protected":false},"excerpt":{"rendered":"<p>Depuis l&rsquo;annonce du d\u00e9c\u00e8s de Jacques Delors le 27 d\u00e9cembre dernier, les t\u00e9moignages de personnalit\u00e9s&#8230;<\/p>\n","protected":false},"author":2,"featured_media":1262,"comment_status":"open","ping_status":"open","sticky":false,"template":"","format":"standard","meta":{"_EventAllDay":false,"_EventTimezone":"","_EventStartDate":"","_EventEndDate":"","_EventStartDateUTC":"","_EventEndDateUTC":"","_EventShowMap":false,"_EventShowMapLink":false,"_EventURL":"","_EventCost":"","_EventCostDescription":"","_EventCurrencySymbol":"","_EventCurrencyCode":"","_EventCurrencyPosition":"","_EventDateTimeSeparator":"","_EventTimeRangeSeparator":"","_EventOrganizerID":[],"_EventVenueID":[],"_OrganizerEmail":"","_OrganizerPhone":"","_OrganizerWebsite":"","_VenueAddress":"","_VenueCity":"","_VenueCountry":"","_VenueProvince":"","_VenueState":"","_VenueZip":"","_VenuePhone":"","_VenueURL":"","_VenueStateProvince":"","_VenueLat":"","_VenueLng":"","_VenueShowMap":false,"_VenueShowMapLink":false,"jetpack_post_was_ever_published":false,"_jetpack_newsletter_access":"","_jetpack_dont_email_post_to_subs":false,"_jetpack_newsletter_tier_id":0,"_jetpack_memberships_contains_paywalled_content":false,"_jetpack_memberships_contains_paid_content":false,"footnotes":"","jetpack_publicize_message":"","jetpack_publicize_feature_enabled":true,"jetpack_social_post_already_shared":true,"jetpack_social_options":{"image_generator_settings":{"template":"highway","default_image_id":0,"font":"","enabled":false},"version":2}},"categories":[33,23,11,26,1],"tags":[],"class_list":["post-1261","post","type-post","status-publish","format-standard","has-post-thumbnail","hentry","category-articles","category-economie","category-editorial","category-international","category-non-classe"],"jetpack_publicize_connections":[],"jetpack_featured_media_url":"https:\/\/i0.wp.com\/idnf.fr\/wp-content\/uploads\/2023\/12\/Jacques-Delors.jpeg?fit=214%2C236&ssl=1","jetpack_sharing_enabled":true,"_links":{"self":[{"href":"https:\/\/idnf.fr\/index.php?rest_route=\/wp\/v2\/posts\/1261","targetHints":{"allow":["GET"]}}],"collection":[{"href":"https:\/\/idnf.fr\/index.php?rest_route=\/wp\/v2\/posts"}],"about":[{"href":"https:\/\/idnf.fr\/index.php?rest_route=\/wp\/v2\/types\/post"}],"author":[{"embeddable":true,"href":"https:\/\/idnf.fr\/index.php?rest_route=\/wp\/v2\/users\/2"}],"replies":[{"embeddable":true,"href":"https:\/\/idnf.fr\/index.php?rest_route=%2Fwp%2Fv2%2Fcomments&post=1261"}],"version-history":[{"count":5,"href":"https:\/\/idnf.fr\/index.php?rest_route=\/wp\/v2\/posts\/1261\/revisions"}],"predecessor-version":[{"id":1268,"href":"https:\/\/idnf.fr\/index.php?rest_route=\/wp\/v2\/posts\/1261\/revisions\/1268"}],"wp:featuredmedia":[{"embeddable":true,"href":"https:\/\/idnf.fr\/index.php?rest_route=\/wp\/v2\/media\/1262"}],"wp:attachment":[{"href":"https:\/\/idnf.fr\/index.php?rest_route=%2Fwp%2Fv2%2Fmedia&parent=1261"}],"wp:term":[{"taxonomy":"category","embeddable":true,"href":"https:\/\/idnf.fr\/index.php?rest_route=%2Fwp%2Fv2%2Fcategories&post=1261"},{"taxonomy":"post_tag","embeddable":true,"href":"https:\/\/idnf.fr\/index.php?rest_route=%2Fwp%2Fv2%2Ftags&post=1261"}],"curies":[{"name":"wp","href":"https:\/\/api.w.org\/{rel}","templated":true}]}}