{"id":2272,"date":"2024-02-28T09:59:45","date_gmt":"2024-02-28T08:59:45","guid":{"rendered":"https:\/\/place-armes-idf.fr\/?p=2272"},"modified":"2024-02-28T09:59:49","modified_gmt":"2024-02-28T08:59:49","slug":"non-mon-grand-oncle-nira-pas-au-pantheon","status":"publish","type":"post","link":"https:\/\/idnf.fr\/?p=2272","title":{"rendered":"Non, Mon grand-oncle n\u2019ira pas au Panth\u00e9on\u00a0!"},"content":{"rendered":"\n<figure class=\"wp-block-image aligncenter size-full\"><img data-recalc-dims=\"1\" loading=\"lazy\" decoding=\"async\" width=\"360\" height=\"140\" src=\"https:\/\/i0.wp.com\/oparswr.cluster023.hosting.ovh.net\/wp-content\/uploads\/2024\/02\/pantheon.jpeg?resize=360%2C140\" alt=\"\" class=\"wp-image-2273\" srcset=\"https:\/\/i0.wp.com\/idnf.fr\/wp-content\/uploads\/2024\/02\/pantheon.jpeg?w=360&amp;ssl=1 360w, https:\/\/i0.wp.com\/idnf.fr\/wp-content\/uploads\/2024\/02\/pantheon.jpeg?resize=300%2C117&amp;ssl=1 300w\" sizes=\"auto, (max-width: 360px) 100vw, 360px\" \/><\/figure>\n\n\n\n<p class=\"has-black-color has-text-color has-link-color wp-elements-62fa66f86ea51b045f80743bfc2b45c5\">Mon grand-oncle n\u2019entrera effectivement pas au Panth\u00e9on. Pourtant, apr\u00e8s avoir combattu les Allemands comme tous les mobilis\u00e9s, d\u00e8s septembre 1939, c\u2019est \u00e0 dire tous les fran\u00e7ais en \u00e2ge de combattre <em>plus les \u00e9trangers qui eux, se sont engag\u00e9s volontairement dans la l\u00e9gion \u00e9trang\u00e8re <\/em>sans attendre d\u2019ordres venus d\u2019ailleurs autres que ceux de leur conscience. Peu apr\u00e8s la d\u00e9faite de juin 1940, il prenait sans h\u00e9siter sa part dans ce combat au sein de ce qu\u2019il est convenu d\u2019appeler la\u00a0 \u00ab\u00a0R\u00e9sistance\u00a0\u00bb.<\/p>\n\n\n\n<p class=\"has-black-color has-text-color has-link-color wp-elements-eae74e727f586dd1e6a8f71cd2042ba8\">Patriote, probablement proche de l\u2019Action Fran\u00e7aise \u2013 comme Cordier le futur secr\u00e9taire de Jean Moulin, il rejoint dans son combat un peu tout ce que la France compte de particularit\u00e9s, depuis les syndicalistes chr\u00e9tiens du groupe Notre-Dame du fameux\u00a0 \u00ab\u00a0colonel R\u00e9my\u00a0\u00bb, groupe qui fut d\u00e9cim\u00e9 suite \u00e0 des trahisons, des socialistes patriotes, \u00a0des radicaux-socialistes, des juifs, des camelots du Roi (Action-Fran\u00e7aise), des monarchistes (D\u2019Estienne d\u2019Orves), tous r\u00e9unis par la haine de l\u2019occupant et le refus de s\u2019incliner devant cette Europe Allemande. D\u00e8s juin 40, tous ces groupes divers sont unis par le patriotisme. Tous\u00a0? Enfin pas tous car, \u00a0paradoxalement, \u00e0 l\u2019exception de Georges Guingouin \u2013 d\u2019ailleurs exclu du PCF pour cela, aucun communiste \u00a0en tant que tel ni \u00e0 fortiori communiste \u00e9tranger\u00a0 ne prendra sa part, on est \u00e0 l\u2019\u00e9poque des amours entre Ribbentrop et Molotov, entre Hitler et Staline !<\/p>\n\n\n\n<p class=\"has-black-color has-text-color has-link-color wp-elements-071b8d4103481ef9cabe1e0c7618fa9a\">Il ne sera pas ministre de P\u00e9tain, ni d\u00e9cor\u00e9 de la Francisque&nbsp; comme le socialiste Fran\u00e7ois Mitterrand.&nbsp; Il ne se r\u00e9veillera pas r\u00e9sistant apr\u00e8s la d\u00e9b\u00e2cle de Stalingrad.<\/p>\n\n\n\n<p class=\"has-black-color has-text-color has-link-color wp-elements-ec3da8cf25ad3e35c0a9e56de8485cf1\">Non, au lieu de cela, il voyagera \u00e0 Londres pour y recevoir une solide formation afin d\u2019\u00eatre plus efficace. Il reviendra en m\u00e9tropole et mettra au service du pays ses talents d\u2019organisateur. &nbsp;Son r\u00e9seau comportera bient\u00f4t pr\u00e8s de 500 combattants. Il \u00e9chappera plusieurs fois \u00e0 l\u2019arrestation mais finira par tomber aux mains de la Gestapo. Transf\u00e9r\u00e9 \u00e0 Paris, il sera tortur\u00e9 mais ne parlera jamais. Aucun membre de son r\u00e9seau ne sera arr\u00eat\u00e9 apr\u00e8s lui. En aout 1944, peu avant la lib\u00e9ration de la capitale, il sera transf\u00e9r\u00e9 \u00e0 Buchenwald dans le dernier train nazi \u00e0 quitter la capitale&nbsp;! Il sera fusill\u00e9 &nbsp;dans ce sinistre camp avec 11 autres h\u00e9ros en criant&nbsp;: Vive la France&nbsp;\u00bb.<\/p>\n\n\n\n<p class=\"has-black-color has-text-color has-link-color wp-elements-bf76bef1258b00498a3e2ca5191e43d6\">Lui n\u2019aura donc pas attendu pour combattre les nazis, &nbsp;les ordres du \u00ab&nbsp;Camarade Staline&nbsp;\u00bb le grand leader de la&nbsp; \u00ab&nbsp;fraternit\u00e9 humaine&nbsp;\u00bb selon les crit\u00e8res d\u2019 Emmanuel Macron, suite \u00e0 l\u2019attaque de l\u2019URSS par l\u2019arm\u00e9e allemande.<\/p>\n\n\n\n<p class=\"has-black-color has-text-color has-link-color wp-elements-9904821f1fb4ec1022e4c1e3e1ae641e\">Ses cendres ne seront jamais r\u00e9pertori\u00e9es au milieux des charniers nazis et ne seront donc pas rapatri\u00e9es sur le sol qui l\u2019a vu na\u00eetre, ce sol qui l\u2019a vu combattre, ce sol pour lequel il a \u00e9t\u00e9 tortur\u00e9, ce sol pour lequel il a \u00e9t\u00e9 ex\u00e9cut\u00e9, ce sol qu\u2019il ne reconnaitrait certainement pas aujourd\u2019hui.<\/p>\n\n\n\n<p class=\"has-black-color has-text-color has-link-color wp-elements-b8a0ddabd3dac35567d43615da20ac58\">\u00ab&nbsp;Un homme d&rsquo;exception, dot\u00e9 d&rsquo;un temp\u00e9rament aristocratique et chevaleresque&nbsp;; grand, mince, \u00e9l\u00e9gant, rac\u00e9, rien en apparence ne semble le pousser vers la r\u00e9bellion et l&rsquo;action clandestine, mais il avait refus\u00e9 d&rsquo;admettre la d\u00e9faite\u00a0\u00bb<\/p>\n\n\n\n<p class=\"has-black-color has-text-color has-link-color wp-elements-a4e1c93a66b4402fa3b5bb50db465348\">Il est titulaire de la croix de guerre avec palmes, de la m\u00e9daille de la R\u00e9sistance,&nbsp; Chevallier de la l\u00e9gion d\u2019Honneur et titulaire de la Military Cross.<\/p>\n\n\n\n<p class=\"has-black-color has-text-color has-link-color wp-elements-99d19a260231a86f393975d7b54ac7f2\">Il \u00e9tait fran\u00e7ais, il n\u2019avait pas attendu la d\u00e9nonciation du pacte Hitler Staline pour se d\u00e9cider \u00e0 prendre les armes, il \u00e9tait, \u00f4 horreur, \u00ab\u00a0de droite\u00a0\u00bb voire probablement \u00ab\u00a0d\u2019extr\u00eame droite\u00a0\u00bb. \u00a0Il ne reposera pas au Panth\u00e9on et ne recevra pas les honneurs d\u2019Emmanuel Macron. Mais, in fine, je ne suis pas certain qu\u2019il aurait souhait\u00e9 les avoir car je crains que la France pour laquelle il s\u2019est courageusement battu, pour laquelle il a subi la torture, pour laquelle il est mort n\u2019a plus rien \u00e0 voir avec celle, soumise \u00a0aujourd\u2019hui au bon vouloir d\u2019une \u00a0oligarque Allemande, non \u00e9lue que notre pr\u00e9sident embrasse avec d\u00e9f\u00e9rence. Cela lui sera heureusement \u00e9pargn\u00e9\u00a0!<\/p>\n\n\n\n<p class=\"has-black-color has-text-color has-link-color wp-elements-452c8c394b18069ada66f8e29e9865ce\"><strong>Ph. MULSANT, ex officier du Renseignement Int\u00e9rieur<\/strong><\/p>\n","protected":false},"excerpt":{"rendered":"<p>Mon grand-oncle n\u2019entrera effectivement pas au Panth\u00e9on. Pourtant, apr\u00e8s avoir combattu les Allemands comme tous&#8230;<\/p>\n","protected":false},"author":9,"featured_media":2273,"comment_status":"open","ping_status":"open","sticky":false,"template":"","format":"standard","meta":{"_EventAllDay":false,"_EventTimezone":"","_EventStartDate":"","_EventEndDate":"","_EventStartDateUTC":"","_EventEndDateUTC":"","_EventShowMap":false,"_EventShowMapLink":false,"_EventURL":"","_EventCost":"","_EventCostDescription":"","_EventCurrencySymbol":"","_EventCurrencyCode":"","_EventCurrencyPosition":"","_EventDateTimeSeparator":"","_EventTimeRangeSeparator":"","_EventOrganizerID":[],"_EventVenueID":[],"_OrganizerEmail":"","_OrganizerPhone":"","_OrganizerWebsite":"","_VenueAddress":"","_VenueCity":"","_VenueCountry":"","_VenueProvince":"","_VenueState":"","_VenueZip":"","_VenuePhone":"","_VenueURL":"","_VenueStateProvince":"","_VenueLat":"","_VenueLng":"","_VenueShowMap":false,"_VenueShowMapLink":false,"jetpack_post_was_ever_published":false,"_jetpack_newsletter_access":"","_jetpack_dont_email_post_to_subs":false,"_jetpack_newsletter_tier_id":0,"_jetpack_memberships_contains_paywalled_content":false,"_jetpack_memberships_contains_paid_content":false,"footnotes":"","jetpack_publicize_message":"","jetpack_publicize_feature_enabled":true,"jetpack_social_post_already_shared":true,"jetpack_social_options":{"image_generator_settings":{"template":"highway","default_image_id":0,"font":"","enabled":false},"version":2}},"categories":[33,11,34,25],"tags":[],"class_list":["post-2272","post","type-post","status-publish","format-standard","has-post-thumbnail","hentry","category-articles","category-editorial","category-humeur","category-politique"],"jetpack_publicize_connections":[],"jetpack_featured_media_url":"https:\/\/i0.wp.com\/idnf.fr\/wp-content\/uploads\/2024\/02\/pantheon.jpeg?fit=360%2C140&ssl=1","jetpack_sharing_enabled":true,"_links":{"self":[{"href":"https:\/\/idnf.fr\/index.php?rest_route=\/wp\/v2\/posts\/2272","targetHints":{"allow":["GET"]}}],"collection":[{"href":"https:\/\/idnf.fr\/index.php?rest_route=\/wp\/v2\/posts"}],"about":[{"href":"https:\/\/idnf.fr\/index.php?rest_route=\/wp\/v2\/types\/post"}],"author":[{"embeddable":true,"href":"https:\/\/idnf.fr\/index.php?rest_route=\/wp\/v2\/users\/9"}],"replies":[{"embeddable":true,"href":"https:\/\/idnf.fr\/index.php?rest_route=%2Fwp%2Fv2%2Fcomments&post=2272"}],"version-history":[{"count":1,"href":"https:\/\/idnf.fr\/index.php?rest_route=\/wp\/v2\/posts\/2272\/revisions"}],"predecessor-version":[{"id":2274,"href":"https:\/\/idnf.fr\/index.php?rest_route=\/wp\/v2\/posts\/2272\/revisions\/2274"}],"wp:featuredmedia":[{"embeddable":true,"href":"https:\/\/idnf.fr\/index.php?rest_route=\/wp\/v2\/media\/2273"}],"wp:attachment":[{"href":"https:\/\/idnf.fr\/index.php?rest_route=%2Fwp%2Fv2%2Fmedia&parent=2272"}],"wp:term":[{"taxonomy":"category","embeddable":true,"href":"https:\/\/idnf.fr\/index.php?rest_route=%2Fwp%2Fv2%2Fcategories&post=2272"},{"taxonomy":"post_tag","embeddable":true,"href":"https:\/\/idnf.fr\/index.php?rest_route=%2Fwp%2Fv2%2Ftags&post=2272"}],"curies":[{"name":"wp","href":"https:\/\/api.w.org\/{rel}","templated":true}]}}