{"id":2585,"date":"2024-03-19T08:27:22","date_gmt":"2024-03-19T07:27:22","guid":{"rendered":"https:\/\/place-armes-idf.fr\/?p=2585"},"modified":"2024-03-19T08:27:24","modified_gmt":"2024-03-19T07:27:24","slug":"le-maire-incompetence-betise-mechancete","status":"publish","type":"post","link":"https:\/\/idnf.fr\/?p=2585","title":{"rendered":"Le Maire : incomp\u00e9tence, b\u00eatise, m\u00e9chancet\u00e9 ?"},"content":{"rendered":"\n<p class=\"has-black-color has-text-color has-link-color wp-elements-1dc8ff312053676d6c33d93e047bdc8f\">Alors que les signes annonciateurs d&rsquo;une troisi\u00e8me guerre mondiale approchent \u00e0 grand pas, sous l&rsquo;impulsion provocatrice infantile de notre d\u00e9sespoir \u00e9lys\u00e9en, son second en chef dans l&rsquo;ordre protocolaire, sp\u00e9cialis\u00e9 dans l&rsquo;enfumage des chiffres et des lettres budg\u00e9taires et comptables a cru bon de remettre une petite couche sur la situation d\u00e9sastreuse des finances dont il a la charge depuis trop longtemps en \u00e9voquant les pistes qui, selon son lui et sa cohorte de conseils mckinseyens, permettrait de combler rapidement le trou&#8230; le trou de la s\u00e9cu bien s\u00fbr, tout autre allusion au roman de gare pornographique commis par notre endetteur malgr\u00e9 lui \u00e9tant forc\u00e9ment d\u00e9plac\u00e9e&#8230;<\/p>\n\n\n\n<figure class=\"wp-block-image aligncenter size-full\"><img data-recalc-dims=\"1\" loading=\"lazy\" decoding=\"async\" width=\"150\" height=\"181\" src=\"https:\/\/i0.wp.com\/oparswr.cluster023.hosting.ovh.net\/wp-content\/uploads\/2024\/03\/Lemaire.jpeg?resize=150%2C181\" alt=\"\" class=\"wp-image-2586\"\/><figcaption class=\"wp-element-caption\">Tintin au pays des chiffres<\/figcaption><\/figure>\n\n\n\n<p class=\"has-black-color has-text-color has-link-color wp-elements-75f9a8a1263d1ccc650c47bc226081b1\">Et oui du haut de son palais de style n\u00e9ostalinien situ\u00e9 sur la rive droite de cette Seine dont nous esp\u00e9rons tous que les 1,4 milliards d&rsquo;euros d\u00e9pens\u00e9s pour avoir le droit de mouiller le petit orteil ne seront pas vains, le grand argentier (par la taille) de notre beau pays dispose d&rsquo;un \u00e9clairage assez particulier de la situation probl\u00e9matique dans laquelle il nous a conduit.<\/p>\n\n\n\n<p class=\"has-black-color has-text-color has-link-color wp-elements-33bf098728cdbf0231ce2c8c4d30035b\">Dans son dernier entretien au JDD, l&rsquo;homme arm\u00e9 de tout son courage rh\u00e9torique plaide pour <strong>la fin, ni plus ni moins, de l&rsquo;Etat providence au profit d&rsquo;un Etat protecteur<\/strong>. Bon, dis comme \u00e7a, on ne sent pas trop de changement, aussi cela m\u00e9rite quelques explications.<\/p>\n\n\n\n<p class=\"has-black-color has-text-color has-link-color wp-elements-757a0ff1c70c0a68ee325276ac4ff759\">Accrochez vous&#8230;<\/p>\n\n\n\n<p class=\"has-black-color has-text-color has-link-color wp-elements-6bc80d2697ee0fce4f6fe8d57aa69276\"><strong>\u00ab\u00a0<em>Le mod\u00e8le d&rsquo;Etat-providence,\u00a0\u00bb nous dit-il, \u00ab\u00a0avait peu de prestations et beaucoup de cotisants. Pr\u00e8s de quatre vingt ans plus tard, il a beaucoup de prestations et peu de cotisants.<\/em>\u00ab\u00a0<\/strong><\/p>\n\n\n\n<p>Il est ind\u00e9niable que la part des prestations sociales au regard du PIB a fortement augment\u00e9 depuis 1945 passant de 14% \u00e0 plus de 30 % et en cela, nous pouvons sugg\u00e9r\u00e9 une augmentation des d\u00e9penses de prestations sociales. N\u00e9anmoins, cette croissance n&rsquo;est pas lin\u00e9aire et les principales augmentations ont notamment eu lieu pendant la p\u00e9riode des trente glorieuses donc de forte croissance \u00e9conomique ce que nous ne connaissons plus depuis longtemps. Depuis, nous observons plut\u00f4t une stabilit\u00e9 des d\u00e9penses.<\/p>\n\n\n\n<p class=\"has-black-color has-text-color has-link-color wp-elements-42902c0feac5f1c5b623e0ea253ff731\">En revanche, c&rsquo;est bien sur la partie recettes que le b\u00e2t blesse. Plusieurs raisons peuvent expliquer cette d\u00e9crue : perte de croissance \u00e9conomique, baisse du nombre de cotisants&#8230; Il est vrai que les personnes pay\u00e9es au SMIC ne cotisent pour ainsi dire pas ou peu en raison d&rsquo;un m\u00e9canisme ing\u00e9nieux dont les effets consistent \u00e0 att\u00e9nuer le taux de cotisations sur les bas salaires. La smicardisation de notre \u00e9conomie (notamment par le truchement des auto-entrepreneurs) r\u00e9v\u00e8le au grand jour ce terrible manque \u00e0 gagner pour l&rsquo;Etat oblig\u00e9 de garantir une protection sans recettes pour la financer.<\/p>\n\n\n\n<p class=\"has-black-color has-text-color has-link-color wp-elements-c7553260c71883756946a7f41cb659af\">Aussi, se dit-il, \u00ab\u00a0<strong><em>cela ne peut tenir ; les salari\u00e9s ne peuvent plus \u00eatre les seuls financeurs du mod\u00e8le social. La charge est trop lourde. ll faut trouver des voies compl\u00e9mentaires , plus justes et moins p\u00e9nalisantes pour le travail et la production.<\/em><\/strong>\u00ab\u00a0<\/p>\n\n\n\n<p>Il enfonce le clou : <strong><em>\u00ab\u00a0le mod\u00e8le actuel a pour but ultime la gratuit\u00e9 de tout, pour tous, tout le temps : c&rsquo;est intenable !\u00a0\u00bb<\/em><\/strong><\/p>\n\n\n\n<p class=\"has-black-color has-text-color has-link-color wp-elements-7b907cfdc03a065f79a587330c96878d\">Comment dire&#8230; Cela s&rsquo;appelle la solidarit\u00e9, cela s&rsquo;appelle un mod\u00e8le interg\u00e9n\u00e9rationnel entretenant une coh\u00e9sion sociale qui, nous en sommes convaincus, favorise le lien entre individus au sein de la Nation. Cette gratuit\u00e9 est un terme galvaud\u00e9. Rien n&rsquo;est gratuit puisque tout le monde contribue \u00e0 la d\u00e9pense.<\/p>\n\n\n\n<p class=\"has-black-color has-text-color has-link-color wp-elements-f162c29c1e4e3127256e5e4408e382f5\"><strong>Nous sommes loin du quoiqu&rsquo;il en co\u00fbte<\/strong>&#8230; Cette belle expression doit lui revenir en pleine figure, lui qui s&rsquo;enorgueillissait de d\u00e9bloquer milliards apr\u00e8s milliards tout en demandant \u00e0 la population de rester chez elle. Ce n&rsquo;est pourtant pas faute d&rsquo;avoir tir\u00e9 la sonnette d&rsquo;alarme devant cette gab\u00e9gie et ce non sens \u00e9conomique et social qui nous privent aujourd&rsquo;hui de toutes nos marges de manoeuvre budg\u00e9tairement.<\/p>\n\n\n\n<p class=\"has-black-color has-text-color has-link-color wp-elements-0aba124e057fe85ccd60166ae7db7daf\">Et ce n&rsquo;est pas fini. Malgr\u00e9 les mesures dites Loi Macron ayant favoris\u00e9es la pr\u00e9carisation du march\u00e9 du travail, le plomb\u00e9 des comptes de la Nation nous explique, sans rire, que \u00ab\u00a0<strong><em>nous avons une dur\u00e9e d&rsquo;indemnisation parmi les plus g\u00e9n\u00e9reuses en Europe. Cette g\u00e9n\u00e9rosit\u00e9 se paye au prix fort : un taux de ch\u00f4mage au-dessus de celui de nos principaux partenaires \u00e9conomiques.\u00a0\u00bb<\/em><\/strong><\/p>\n\n\n\n<p class=\"has-black-color has-text-color has-link-color wp-elements-3e15cf3fd5bd4450109cfa9807f82589\">Que les dividendes vers\u00e9s \u00e0 la Bourse de Paris aient battus des records cette ann\u00e9e importent peu, que ces m\u00eames dividendes partent directement au financement des fonds de pension \u00e9trangers et notamment am\u00e9ricains non plus. Cette manne pourrait certainement servir \u00e0 financer notre mod\u00e8le social si les fonds restaient en France mais voil\u00e0&#8230;<\/p>\n\n\n\n<p class=\"has-black-color has-text-color has-link-color wp-elements-1c2ff7b74aa5b183c015bd3c1ede3269\">Quant au lien effectu\u00e9 entre dur\u00e9e d&rsquo;indemnisation et taux de ch\u00f4mage il est tout de m\u00eame os\u00e9. Tout comme il est os\u00e9 de la part de ce gouvernement d&rsquo;annoncer fi\u00e8rement une baisse du taux de ch\u00f4mage gr\u00e2ce \u00e0 des mesures ineptes quand la vraie cause de cette baisse est principalement li\u00e9e \u00e0 la radiation massive d&rsquo;assur\u00e9s et au recours de plus en plus important au micro entreprises (qui ne cotisent pas).<\/p>\n\n\n\n<p class=\"has-black-color has-text-color has-link-color wp-elements-eb04c62abaf37cf5939a9071a248f982\">Que faut-il alors retenir de cet entretien ? un \u00e9conomiste am\u00e9ricain pr\u00e9disait suite \u00e0 la p\u00e9riode COVID et \u00e0 ses cons\u00e9quences sur l&rsquo;endettement public massif, que les Etats n&rsquo;envisageraient aucunement l&rsquo;augmentation des imp\u00f4ts (ceux-ci \u00e9tant arriv\u00e9s \u00e0 leur plus haut comme en France) mais que la seule alternative \u00e0 laquelle nos gouvernants se plieraient seraient la baisse des d\u00e9penses budg\u00e9taires \u00e0 commencer par les d\u00e9penses sociales.<\/p>\n\n\n\n<p class=\"has-black-color has-text-color has-link-color wp-elements-a2f2e299bff10932bf42501f4873f609\">Au fond, en plus de s&rsquo;essayer \u00e0 une \u00e9criture d&rsquo;un \u00e9rotisme surran\u00e9, M Le Maire joue aussi une petite musique (du pipeau sans doute) pour nous annoncer ces futures baisses qui ne manqueront pas de plonger la population dans une grande d\u00e9tresse en l&rsquo;absence de ces aides dont le remplacement par des op\u00e9rateurs priv\u00e9s de type BlackRock est d\u00e9j\u00e0 pr\u00e9vu.<\/p>\n\n\n\n<p class=\"has-black-color has-text-color has-link-color wp-elements-50b02879739b3a64e25938ec95645867\">Vous co\u00fbterez trop cher quel que soit votre \u00e2ge. Autant que cela rapporte \u00e0 des entreprises priv\u00e9es.<\/p>\n\n\n\n<p class=\"has-black-color has-text-color has-link-color wp-elements-b8b5fcb53bf6ac0948e5540fd3fcd759\"><strong>Amiti\u00e9s patriotes<\/strong><\/p>\n\n\n\n<p class=\"has-black-color has-text-color has-link-color wp-elements-a7cf9a9e3ad7d7890d1de0b5c301df53\"><strong>P.MAGNERON<\/strong><\/p>\n\n\n\n<p><\/p>\n","protected":false},"excerpt":{"rendered":"<p>Alors que les signes annonciateurs d&rsquo;une troisi\u00e8me guerre mondiale approchent \u00e0 grand pas, sous l&rsquo;impulsion&#8230;<\/p>\n","protected":false},"author":2,"featured_media":2586,"comment_status":"open","ping_status":"open","sticky":false,"template":"","format":"standard","meta":{"_EventAllDay":false,"_EventTimezone":"","_EventStartDate":"","_EventEndDate":"","_EventStartDateUTC":"","_EventEndDateUTC":"","_EventShowMap":false,"_EventShowMapLink":false,"_EventURL":"","_EventCost":"","_EventCostDescription":"","_EventCurrencySymbol":"","_EventCurrencyCode":"","_EventCurrencyPosition":"","_EventDateTimeSeparator":"","_EventTimeRangeSeparator":"","_EventOrganizerID":[],"_EventVenueID":[],"_OrganizerEmail":"","_OrganizerPhone":"","_OrganizerWebsite":"","_VenueAddress":"","_VenueCity":"","_VenueCountry":"","_VenueProvince":"","_VenueState":"","_VenueZip":"","_VenuePhone":"","_VenueURL":"","_VenueStateProvince":"","_VenueLat":"","_VenueLng":"","_VenueShowMap":false,"_VenueShowMapLink":false,"jetpack_post_was_ever_published":false,"_jetpack_newsletter_access":"","_jetpack_dont_email_post_to_subs":false,"_jetpack_newsletter_tier_id":0,"_jetpack_memberships_contains_paywalled_content":false,"_jetpack_memberships_contains_paid_content":false,"footnotes":"","jetpack_publicize_message":"","jetpack_publicize_feature_enabled":true,"jetpack_social_post_already_shared":true,"jetpack_social_options":{"image_generator_settings":{"template":"highway","default_image_id":0,"font":"","enabled":false},"version":2}},"categories":[33,23,11,34,25,24],"tags":[],"class_list":["post-2585","post","type-post","status-publish","format-standard","has-post-thumbnail","hentry","category-articles","category-economie","category-editorial","category-humeur","category-politique","category-social"],"jetpack_publicize_connections":[],"jetpack_featured_media_url":"https:\/\/i0.wp.com\/idnf.fr\/wp-content\/uploads\/2024\/03\/Lemaire.jpeg?fit=150%2C181&ssl=1","jetpack_sharing_enabled":true,"_links":{"self":[{"href":"https:\/\/idnf.fr\/index.php?rest_route=\/wp\/v2\/posts\/2585","targetHints":{"allow":["GET"]}}],"collection":[{"href":"https:\/\/idnf.fr\/index.php?rest_route=\/wp\/v2\/posts"}],"about":[{"href":"https:\/\/idnf.fr\/index.php?rest_route=\/wp\/v2\/types\/post"}],"author":[{"embeddable":true,"href":"https:\/\/idnf.fr\/index.php?rest_route=\/wp\/v2\/users\/2"}],"replies":[{"embeddable":true,"href":"https:\/\/idnf.fr\/index.php?rest_route=%2Fwp%2Fv2%2Fcomments&post=2585"}],"version-history":[{"count":1,"href":"https:\/\/idnf.fr\/index.php?rest_route=\/wp\/v2\/posts\/2585\/revisions"}],"predecessor-version":[{"id":2587,"href":"https:\/\/idnf.fr\/index.php?rest_route=\/wp\/v2\/posts\/2585\/revisions\/2587"}],"wp:featuredmedia":[{"embeddable":true,"href":"https:\/\/idnf.fr\/index.php?rest_route=\/wp\/v2\/media\/2586"}],"wp:attachment":[{"href":"https:\/\/idnf.fr\/index.php?rest_route=%2Fwp%2Fv2%2Fmedia&parent=2585"}],"wp:term":[{"taxonomy":"category","embeddable":true,"href":"https:\/\/idnf.fr\/index.php?rest_route=%2Fwp%2Fv2%2Fcategories&post=2585"},{"taxonomy":"post_tag","embeddable":true,"href":"https:\/\/idnf.fr\/index.php?rest_route=%2Fwp%2Fv2%2Ftags&post=2585"}],"curies":[{"name":"wp","href":"https:\/\/api.w.org\/{rel}","templated":true}]}}