{"id":2813,"date":"2024-04-08T22:40:17","date_gmt":"2024-04-08T20:40:17","guid":{"rendered":"https:\/\/place-armes-idf.fr\/?p=2813"},"modified":"2024-04-08T22:40:19","modified_gmt":"2024-04-08T20:40:19","slug":"ne-pas-attendre","status":"publish","type":"post","link":"https:\/\/idnf.fr\/?p=2813","title":{"rendered":"Ne pas attendre&#8230;"},"content":{"rendered":"\n<p class=\"has-black-color has-text-color has-link-color wp-elements-ef913cd336348546fc2b24ce7ec2b305\">La crise du Covid a r\u00e9v\u00e9l\u00e9, non seulement l\u2019effondrement du syst\u00e8me de sant\u00e9 mais \u00e9galement l\u2019absence de scrupule de certains dirigeants n\u2019ayant pas h\u00e9sit\u00e9 \u00e0 mettre en danger la vie des citoyens, \u00e0 provoquer une crise \u00e9conomique et \u00e0 enrichir les laboratoires permettant ainsi de verser des commissions de plusieurs centaines de millions d\u2019euros.<\/p>\n\n\n\n<figure class=\"wp-block-image aligncenter size-full\"><img data-recalc-dims=\"1\" loading=\"lazy\" decoding=\"async\" width=\"197\" height=\"256\" src=\"https:\/\/i0.wp.com\/oparswr.cluster023.hosting.ovh.net\/wp-content\/uploads\/2024\/03\/sanviti.jpeg?resize=197%2C256\" alt=\"\" class=\"wp-image-2626\"\/><figcaption class=\"wp-element-caption\">Ma\u00eetre Roland Sanviti<\/figcaption><\/figure>\n\n\n\n<p class=\"has-black-color has-text-color has-link-color wp-elements-de6962cfb481f70a39d8a3cd94a47dae\">L\u2019explosion du trafic de la drogue et l\u2019assassinat de policiers et les \u00e9meutes s\u2019inscrivent tout \u00e0 fait dans le programme de conqu\u00eate de la France et la soumission des citoyens.<\/p>\n\n\n\n<p class=\"has-black-color has-text-color has-link-color wp-elements-cfbadfe0b3c2880b3401d2551948eda7\">S\u2019agissant de la pand\u00e9mie, un tableau avait \u00e9t\u00e9 \u00e9tabli permettant \u00e0 chaque citoyen d\u2019apporter sa r\u00e9ponse et, dans ce contexte, la seule r\u00e9forme qui s\u2019impose est l\u2019instauration du pouvoir judiciaire.<\/p>\n\n\n\n<p class=\"has-black-color has-text-color has-link-color wp-elements-ca59cb81e49e803c1fb23cfa697d37da\">R\u00e9fl\u00e9chissez aux confr\u00e8res et personnes qui se sentent vraiment concern\u00e9s par la r\u00e9forme de la justice, soit du fait qu\u2019ils d\u00e9fendent des citoyens harcel\u00e9s et sanctionn\u00e9s injustement, notamment les soignants, soit du fait qu\u2019ils ont eux-m\u00eames pris conscience de l\u2019imp\u00e9rieuse n\u00e9cessit\u00e9 de cette r\u00e9forme.<\/p>\n\n\n\n<p class=\"has-black-color has-text-color has-link-color wp-elements-a5eb7b2bee77f8c08356e022aa1b66aa\">Ainsi que vous le savez, le citoyen, au cours de sa vie, encourt le risque d\u2019\u00eatre un jour justiciable et un risque beaucoup plus av\u00e9r\u00e9 d\u2019\u00eatre un jour malade.<\/p>\n\n\n\n<p class=\"has-black-color has-text-color has-link-color wp-elements-94c0a5c34821e62f9226d30324cbb260\">Dans les deux cas, il doit pouvoir faire confiance aux praticiens qu\u2019ils soient juges, hospitaliers ou m\u00e9decins de ville.<\/p>\n\n\n\n<p class=\"has-black-color has-text-color has-link-color wp-elements-f3e0d0b30c2ed63bb7b963bbd4c5c533\">Il ne faut pas attendre d\u2019\u00eatre malade ou justiciable pour s\u2019int\u00e9resser \u00e0 la sant\u00e9 et \u00e0 la justice.<\/p>\n\n\n\n<p class=\"has-black-color has-text-color has-link-color wp-elements-d0989c6cb1fc915e92fefd2a89716c07\">         <em>Ils sont d&rsquo;abord venus chercher les socialistes, et je n&rsquo;ai rien dit<\/em><\/p>\n\n\n\n<p class=\"has-black-color has-text-color has-link-color wp-elements-b4499ad86702947a81da69a862c4bbff\">         <em>Parce que je n&rsquo;\u00e9tais pas socialiste<\/em><\/p>\n\n\n\n<p class=\"has-black-color has-text-color has-link-color wp-elements-5d7da2fc8eea8a7ad70d6dba582fc447\">         <em>Puis ils sont venus chercher les syndicalistes, et je n&rsquo;ai rien dit<\/em><\/p>\n\n\n\n<p class=\"has-black-color has-text-color has-link-color wp-elements-5b81ca821b2a97cbdcdbeced5b041e20\">        <em>Parce que je n&rsquo;\u00e9tais pas syndicaliste<\/em><\/p>\n\n\n\n<p class=\"has-black-color has-text-color has-link-color wp-elements-5f3b54a82161085a0f33cc326bb304ea\">        <em>Puis ils sont venus chercher les Juifs, et je n&rsquo;ai rien dit<\/em><\/p>\n\n\n\n<p class=\"has-black-color has-text-color has-link-color wp-elements-82548ad8f6463fcf97911d28185668ad\">        <em>Parce que je n&rsquo;\u00e9tais pas juif<\/em><\/p>\n\n\n\n<p class=\"has-black-color has-text-color has-link-color wp-elements-37c066d5f1136166563805d588e0e633\">       <em>Puis ils sont venus me chercher, et il ne restait plus personne pour me d\u00e9fendre<\/em><\/p>\n\n\n\n<p><strong>Citation du Pasteur\u00a0<a href=\"https:\/\/fr.wikipedia.org\/wiki\/Martin_Niem%C3%B6ller\">Martin Niem\u00f6ller<\/a>\u00a0(1892\u20131984)<\/strong><\/p>\n\n\n\n<p class=\"has-black-color has-text-color has-link-color wp-elements-e795770e17cfa28487f0d4ab1154c4ba\"><strong>Roland SANVITI<\/strong><\/p>\n\n\n\n<p><\/p>\n","protected":false},"excerpt":{"rendered":"<p>La crise du Covid a r\u00e9v\u00e9l\u00e9, non seulement l\u2019effondrement du syst\u00e8me de sant\u00e9 mais \u00e9galement&#8230;<\/p>\n","protected":false},"author":10,"featured_media":2626,"comment_status":"open","ping_status":"open","sticky":false,"template":"","format":"standard","meta":{"_EventAllDay":false,"_EventTimezone":"","_EventStartDate":"","_EventEndDate":"","_EventStartDateUTC":"","_EventEndDateUTC":"","_EventShowMap":false,"_EventShowMapLink":false,"_EventURL":"","_EventCost":"","_EventCostDescription":"","_EventCurrencySymbol":"","_EventCurrencyCode":"","_EventCurrencyPosition":"","_EventDateTimeSeparator":"","_EventTimeRangeSeparator":"","_EventOrganizerID":[],"_EventVenueID":[],"_OrganizerEmail":"","_OrganizerPhone":"","_OrganizerWebsite":"","_VenueAddress":"","_VenueCity":"","_VenueCountry":"","_VenueProvince":"","_VenueState":"","_VenueZip":"","_VenuePhone":"","_VenueURL":"","_VenueStateProvince":"","_VenueLat":"","_VenueLng":"","_VenueShowMap":false,"_VenueShowMapLink":false,"jetpack_post_was_ever_published":false,"_jetpack_newsletter_access":"","_jetpack_dont_email_post_to_subs":false,"_jetpack_newsletter_tier_id":0,"_jetpack_memberships_contains_paywalled_content":false,"_jetpack_memberships_contains_paid_content":false,"footnotes":"","jetpack_publicize_message":"","jetpack_publicize_feature_enabled":true,"jetpack_social_post_already_shared":true,"jetpack_social_options":{"image_generator_settings":{"template":"highway","default_image_id":0,"font":"","enabled":false},"version":2}},"categories":[33,11,34,7],"tags":[],"class_list":["post-2813","post","type-post","status-publish","format-standard","has-post-thumbnail","hentry","category-articles","category-editorial","category-humeur","category-lettre-ouverte"],"jetpack_publicize_connections":[],"jetpack_featured_media_url":"https:\/\/i0.wp.com\/idnf.fr\/wp-content\/uploads\/2024\/03\/sanviti.jpeg?fit=197%2C256&ssl=1","jetpack_sharing_enabled":true,"_links":{"self":[{"href":"https:\/\/idnf.fr\/index.php?rest_route=\/wp\/v2\/posts\/2813","targetHints":{"allow":["GET"]}}],"collection":[{"href":"https:\/\/idnf.fr\/index.php?rest_route=\/wp\/v2\/posts"}],"about":[{"href":"https:\/\/idnf.fr\/index.php?rest_route=\/wp\/v2\/types\/post"}],"author":[{"embeddable":true,"href":"https:\/\/idnf.fr\/index.php?rest_route=\/wp\/v2\/users\/10"}],"replies":[{"embeddable":true,"href":"https:\/\/idnf.fr\/index.php?rest_route=%2Fwp%2Fv2%2Fcomments&post=2813"}],"version-history":[{"count":1,"href":"https:\/\/idnf.fr\/index.php?rest_route=\/wp\/v2\/posts\/2813\/revisions"}],"predecessor-version":[{"id":2814,"href":"https:\/\/idnf.fr\/index.php?rest_route=\/wp\/v2\/posts\/2813\/revisions\/2814"}],"wp:featuredmedia":[{"embeddable":true,"href":"https:\/\/idnf.fr\/index.php?rest_route=\/wp\/v2\/media\/2626"}],"wp:attachment":[{"href":"https:\/\/idnf.fr\/index.php?rest_route=%2Fwp%2Fv2%2Fmedia&parent=2813"}],"wp:term":[{"taxonomy":"category","embeddable":true,"href":"https:\/\/idnf.fr\/index.php?rest_route=%2Fwp%2Fv2%2Fcategories&post=2813"},{"taxonomy":"post_tag","embeddable":true,"href":"https:\/\/idnf.fr\/index.php?rest_route=%2Fwp%2Fv2%2Ftags&post=2813"}],"curies":[{"name":"wp","href":"https:\/\/api.w.org\/{rel}","templated":true}]}}