{"id":2932,"date":"2024-05-06T11:21:50","date_gmt":"2024-05-06T09:21:50","guid":{"rendered":"https:\/\/place-armes-idf.fr\/?p=2932"},"modified":"2024-06-26T11:11:54","modified_gmt":"2024-06-26T09:11:54","slug":"evenement-exceptionnel-samedi-1er-juin-colloque-idnf","status":"publish","type":"post","link":"https:\/\/idnf.fr\/?p=2932","title":{"rendered":"EVENEMENT EXCEPTIONNEL SAMEDI 1ER JUIN : COLLOQUE IDNF"},"content":{"rendered":"\n<p class=\"has-black-color has-text-color has-link-color wp-elements-b1d13bd0137e4934f93ad603047a0bd3\">INITIATIVES POUR LA DEFENSE DE LA NATION FRANCAISE (IDNF) organise un colloque exceptionnel samedi 1er juin prochain au 97 Rue de S\u00e8vres \u00e0 Paris 14\u00e8me \u00e0 partir de 9 H 00.<\/p>\n\n\n\n<figure class=\"wp-block-image size-full\"><img data-recalc-dims=\"1\" loading=\"lazy\" decoding=\"async\" width=\"640\" height=\"360\" src=\"https:\/\/i0.wp.com\/oparswr.cluster023.hosting.ovh.net\/wp-content\/uploads\/2024\/05\/Les-leurres-dun-cameleon-programme-1.jpg?resize=640%2C360\" alt=\"\" class=\"wp-image-2935\" srcset=\"https:\/\/i0.wp.com\/idnf.fr\/wp-content\/uploads\/2024\/05\/Les-leurres-dun-cameleon-programme-1.jpg?w=960&amp;ssl=1 960w, https:\/\/i0.wp.com\/idnf.fr\/wp-content\/uploads\/2024\/05\/Les-leurres-dun-cameleon-programme-1.jpg?resize=300%2C169&amp;ssl=1 300w, https:\/\/i0.wp.com\/idnf.fr\/wp-content\/uploads\/2024\/05\/Les-leurres-dun-cameleon-programme-1.jpg?resize=768%2C432&amp;ssl=1 768w\" sizes=\"auto, (max-width: 640px) 100vw, 640px\" \/><\/figure>\n\n\n\n<p class=\"has-black-color has-text-color has-link-color wp-elements-dc1087a2d252e333957650c5b8cb42aa\">\u00ab\u00a0Les leurres d&rsquo;un cam\u00e9l\u00e9on ou comment E. Macron, masque ses \u00e9checs\u00a0\u00bb&#8230;<\/p>\n\n\n\n<p class=\"has-black-color has-text-color has-link-color wp-elements-d0679f846f0ab5536d06ba9c04380010\">Depuis maintenant sept ans, la France vit au rythme d&rsquo;un agenda pr\u00e9sidentiel dont les objectifs clairement avou\u00e9s consistent en la destruction programm\u00e9e de la nation fran\u00e7aise.<\/p>\n\n\n\n<p class=\"has-black-color has-text-color has-link-color wp-elements-f8087dd0f1570f4f969f27d4003fd612\">A une semaine du scrutin des prochaines \u00e9lections europ\u00e9ennes, ce colloque est destin\u00e9 \u00e0 tous ceux qui souhaitent une autre Europe et voir r\u00e9affirmer la souverainet\u00e9 de notre pays.<\/p>\n\n\n\n<p class=\"has-black-color has-text-color has-link-color wp-elements-8f743daf3cfbe3067252b7b43266135e\">Vous trouverez ci-apr\u00e8s le programme de cette journ\u00e9e exceptionnelle \u00e0 laquelle participeront des personnalit\u00e9s politiques souverainistes comme Pierre-Marie Couteaux, Floriant Philippot, Fran\u00e7ois Asselineau ou encore Nicolas Dupont-Aignan, des personnalit\u00e9s du monde militaire comme le G\u00e9n\u00e9ral Coustou, le G\u00e9n\u00e9ral Roure et d&rsquo;autres du monde civil comme Philippe Murer, Olivier Piacentini, Yves Bonnet, Roland Sanviti et Maurice Signolet.<\/p>\n\n\n\n<div data-wp-interactive=\"core\/file\" class=\"wp-block-file\"><object data-wp-bind--hidden=\"!state.hasPdfPreview\" hidden class=\"wp-block-file__embed\" data=\"http:\/\/oparswr.cluster023.hosting.ovh.net\/wp-content\/uploads\/2024\/05\/Les-leurres-dun-cameleon-programme.pdf\" type=\"application\/pdf\" style=\"width:100%;height:600px\" aria-label=\"Contenu embarqu\u00e9 Les-leurres-dun-cameleon-programme.\"><\/object><a id=\"wp-block-file--media-574e4eb3-6825-4fe7-8aff-6ecf7db8f5ef\" href=\"http:\/\/oparswr.cluster023.hosting.ovh.net\/wp-content\/uploads\/2024\/05\/Les-leurres-dun-cameleon-programme.pdf\">Les-leurres-dun-cameleon-programme<\/a><a href=\"http:\/\/oparswr.cluster023.hosting.ovh.net\/wp-content\/uploads\/2024\/05\/Les-leurres-dun-cameleon-programme.pdf\" class=\"wp-block-file__button wp-element-button\" download aria-describedby=\"wp-block-file--media-574e4eb3-6825-4fe7-8aff-6ecf7db8f5ef\">T\u00e9l\u00e9charger<\/a><\/div>\n\n\n\n<p>I<strong>nscrivez vous en cliquant sur le lien ci-dessous :<\/strong><\/p>\n\n\n\n<p><a href=\"https:\/\/my.weezevent.com\/les-leurres-dun-cameleon-ou-comment-e-macron-masque-ses-echecs\">https:\/\/my.weezevent.com\/les-leurres-dun-cameleon-ou-comment-e-macron-masque-ses-echecs<\/a><\/p>\n\n\n\n<p class=\"has-black-color has-text-color has-link-color wp-elements-b8b5fcb53bf6ac0948e5540fd3fcd759\"><strong>Amiti\u00e9s patriotes<\/strong><\/p>\n\n\n\n<p class=\"has-black-color has-text-color has-link-color wp-elements-38e5b606dc578d4c2024c8ca5d506127\">P<strong>.MAGNERON<\/strong><\/p>\n","protected":false},"excerpt":{"rendered":"<p>INITIATIVES POUR LA DEFENSE DE LA NATION FRANCAISE (IDNF) organise un colloque exceptionnel samedi 1er&#8230;<\/p>\n","protected":false},"author":2,"featured_media":2934,"comment_status":"open","ping_status":"open","sticky":false,"template":"","format":"standard","meta":{"_EventAllDay":false,"_EventTimezone":"","_EventStartDate":"","_EventEndDate":"","_EventStartDateUTC":"","_EventEndDateUTC":"","_EventShowMap":false,"_EventShowMapLink":false,"_EventURL":"","_EventCost":"","_EventCostDescription":"","_EventCurrencySymbol":"","_EventCurrencyCode":"","_EventCurrencyPosition":"","_EventDateTimeSeparator":"","_EventTimeRangeSeparator":"","_EventOrganizerID":[],"_EventVenueID":[],"_OrganizerEmail":"","_OrganizerPhone":"","_OrganizerWebsite":"","_VenueAddress":"","_VenueCity":"","_VenueCountry":"","_VenueProvince":"","_VenueState":"","_VenueZip":"","_VenuePhone":"","_VenueURL":"","_VenueStateProvince":"","_VenueLat":"","_VenueLng":"","_VenueShowMap":false,"_VenueShowMapLink":false,"jetpack_post_was_ever_published":false,"_jetpack_newsletter_access":"","_jetpack_dont_email_post_to_subs":false,"_jetpack_newsletter_tier_id":0,"_jetpack_memberships_contains_paywalled_content":false,"_jetpack_memberships_contains_paid_content":false,"footnotes":"","jetpack_publicize_message":"","jetpack_publicize_feature_enabled":true,"jetpack_social_post_already_shared":true,"jetpack_social_options":{"image_generator_settings":{"template":"highway","default_image_id":0,"font":"","enabled":false},"version":2}},"categories":[15,11],"tags":[],"class_list":["post-2932","post","type-post","status-publish","format-standard","has-post-thumbnail","hentry","category-conferences-debats","category-editorial"],"jetpack_publicize_connections":[],"jetpack_featured_media_url":"https:\/\/i0.wp.com\/idnf.fr\/wp-content\/uploads\/2024\/05\/Les-leurres-dun-cameleon-programme.jpg?fit=960%2C540&ssl=1","jetpack_sharing_enabled":true,"_links":{"self":[{"href":"https:\/\/idnf.fr\/index.php?rest_route=\/wp\/v2\/posts\/2932","targetHints":{"allow":["GET"]}}],"collection":[{"href":"https:\/\/idnf.fr\/index.php?rest_route=\/wp\/v2\/posts"}],"about":[{"href":"https:\/\/idnf.fr\/index.php?rest_route=\/wp\/v2\/types\/post"}],"author":[{"embeddable":true,"href":"https:\/\/idnf.fr\/index.php?rest_route=\/wp\/v2\/users\/2"}],"replies":[{"embeddable":true,"href":"https:\/\/idnf.fr\/index.php?rest_route=%2Fwp%2Fv2%2Fcomments&post=2932"}],"version-history":[{"count":1,"href":"https:\/\/idnf.fr\/index.php?rest_route=\/wp\/v2\/posts\/2932\/revisions"}],"predecessor-version":[{"id":2936,"href":"https:\/\/idnf.fr\/index.php?rest_route=\/wp\/v2\/posts\/2932\/revisions\/2936"}],"wp:featuredmedia":[{"embeddable":true,"href":"https:\/\/idnf.fr\/index.php?rest_route=\/wp\/v2\/media\/2934"}],"wp:attachment":[{"href":"https:\/\/idnf.fr\/index.php?rest_route=%2Fwp%2Fv2%2Fmedia&parent=2932"}],"wp:term":[{"taxonomy":"category","embeddable":true,"href":"https:\/\/idnf.fr\/index.php?rest_route=%2Fwp%2Fv2%2Fcategories&post=2932"},{"taxonomy":"post_tag","embeddable":true,"href":"https:\/\/idnf.fr\/index.php?rest_route=%2Fwp%2Fv2%2Ftags&post=2932"}],"curies":[{"name":"wp","href":"https:\/\/api.w.org\/{rel}","templated":true}]}}