{"id":3025,"date":"2024-05-22T12:10:33","date_gmt":"2024-05-22T10:10:33","guid":{"rendered":"https:\/\/idnf.fr\/?p=3025"},"modified":"2024-05-22T14:32:06","modified_gmt":"2024-05-22T12:32:06","slug":"notre-video-censuree","status":"publish","type":"post","link":"https:\/\/idnf.fr\/?p=3025","title":{"rendered":"Notre vid\u00e9o censur\u00e9e !"},"content":{"rendered":"\n<p class=\"has-black-color has-text-color has-link-color wp-elements-c843e4e9fe7ccb650f9ea45dbefdf662\">Il fallait bien que \u00e7a arrive. Non pas que nous soyons des s\u00e9ditieux en puissance, des putschistes dans l&rsquo;\u00e2me, mais voil\u00e0 la m\u00e9canique aveugle d&rsquo;un syst\u00e8me vraisemblablement g\u00e9r\u00e9e uniquement par une intelligence (pas s\u00fbr&#8230;) artificielle a frapp\u00e9 : la vid\u00e9o de la conf\u00e9rence du professeur Perronne a tout bonnement \u00e9t\u00e9 supprim\u00e9e de la chaine youtube un jour apr\u00e8s sa diffusion.<\/p>\n\n\n\n<p class=\"has-black-color has-text-color has-link-color wp-elements-8d055fe6e8fa7f367b7089058f73d605\">La raison ? Elle est \u00e9vidente pour ceux qui, depuis maintenant quatre ans, constate, impuissants, la manipulation de l&rsquo;information et le diktat d&rsquo;une doxa institutionnelle et gouvernementale qu&rsquo;il est de bon ton de ne surtout pas contester, au risque d&rsquo;\u00eatre simplement censur\u00e9. La vid\u00e9o relaierait de fausses informations m\u00e9dicales. Ben voyons&#8230;<\/p>\n\n\n\n<p class=\"has-black-color has-text-color has-link-color wp-elements-84000cd5b1ef75dee8b70d485278a592\">La machine (enfin celui qui est derri\u00e8re aux manettes) d\u00e9tiendrait la bonne information, serait plus comp\u00e9tente qu&rsquo;un professeur dont l&rsquo;autorit\u00e9 ne fait aucun doute, au sein du public, de ses confr\u00e8res et m\u00eame de la justice puisque toute action engag\u00e9e contre lui depuis la p\u00e9riode COVID s&rsquo;est retourn\u00e9e contre son auteur.<\/p>\n\n\n\n<p class=\"has-black-color has-text-color has-link-color wp-elements-257858182bd0c7d25dae6f13e5930b08\">Nous avons bien \u00e9videmment fait appel de cette d\u00e9cision inique car prise sans raison objective.<\/p>\n\n\n\n<p class=\"has-black-color has-text-color has-link-color wp-elements-a6643b46e17973dad46ab64cc951692e\">Et nous ne pouvons que saluer le changement de position de youtube \u00e0 notre encontre, la vid\u00e9o ayant \u00e9t\u00e9 republi\u00e9e d\u00e8s le lendemain.<\/p>\n\n\n\n<p class=\"has-black-color has-text-color has-link-color wp-elements-16e9fe6788f7b2da03e4272b76594310\">Cela nous interpelle forc\u00e9ment sur le climat anxiog\u00e8ne dans lequel nous vivons actuellement et cette hyst\u00e9rie du pouvoir \u00e0 vouloir tout contr\u00f4ler quitte \u00e0 censurer les propos d&rsquo;un honn\u00eate homme, engag\u00e9 dans une croisade pour le bien du peuple.<\/p>\n\n\n\n<figure class=\"wp-block-embed is-type-video is-provider-youtube wp-block-embed-youtube wp-embed-aspect-16-9 wp-has-aspect-ratio\"><div class=\"wp-block-embed__wrapper\">\n<iframe loading=\"lazy\" title=\"CONFERENCE DEBAT PR. CHRISTIAN PERRONNE : NON AU PROJET DE TRAITE DE L&#039;OMS\" width=\"640\" height=\"360\" src=\"https:\/\/www.youtube.com\/embed\/NFHeHmXlKH0?feature=oembed\" frameborder=\"0\" allow=\"accelerometer; autoplay; clipboard-write; encrypted-media; gyroscope; picture-in-picture; web-share\" referrerpolicy=\"strict-origin-when-cross-origin\" allowfullscreen><\/iframe>\n<\/div><\/figure>\n\n\n\n<p class=\"has-black-color has-text-color has-link-color wp-elements-3325c5023bb8fba692d7d030743f1773\">Et afin de bien leur montrer que nous ne sommes dupes de leur d\u00e9marche, diffusons un maximum cette video dans laquelle notre invit\u00e9 du jour revient sur les dangers du projet de trait\u00e9 de l&rsquo;OMS.<\/p>\n\n\n\n<p class=\"has-black-color has-text-color has-link-color wp-elements-b8b5fcb53bf6ac0948e5540fd3fcd759\"><strong>Amiti\u00e9s patriotes<\/strong><\/p>\n\n\n\n<p class=\"has-black-color has-text-color has-link-color wp-elements-a7cf9a9e3ad7d7890d1de0b5c301df53\"><strong>P.MAGNERON<\/strong><\/p>\n","protected":false},"excerpt":{"rendered":"<p>Il fallait bien que \u00e7a arrive. Non pas que nous soyons des s\u00e9ditieux en puissance,&#8230;<\/p>\n","protected":false},"author":2,"featured_media":0,"comment_status":"open","ping_status":"open","sticky":false,"template":"","format":"standard","meta":{"_EventAllDay":false,"_EventTimezone":"","_EventStartDate":"","_EventEndDate":"","_EventStartDateUTC":"","_EventEndDateUTC":"","_EventShowMap":false,"_EventShowMapLink":false,"_EventURL":"","_EventCost":"","_EventCostDescription":"","_EventCurrencySymbol":"","_EventCurrencyCode":"","_EventCurrencyPosition":"","_EventDateTimeSeparator":"","_EventTimeRangeSeparator":"","_EventOrganizerID":[],"_EventVenueID":[],"_OrganizerEmail":"","_OrganizerPhone":"","_OrganizerWebsite":"","_VenueAddress":"","_VenueCity":"","_VenueCountry":"","_VenueProvince":"","_VenueState":"","_VenueZip":"","_VenuePhone":"","_VenueURL":"","_VenueStateProvince":"","_VenueLat":"","_VenueLng":"","_VenueShowMap":false,"_VenueShowMapLink":false,"jetpack_post_was_ever_published":false,"_jetpack_newsletter_access":"","_jetpack_dont_email_post_to_subs":false,"_jetpack_newsletter_tier_id":0,"_jetpack_memberships_contains_paywalled_content":false,"_jetpack_memberships_contains_paid_content":false,"footnotes":"","jetpack_publicize_message":"","jetpack_publicize_feature_enabled":true,"jetpack_social_post_already_shared":true,"jetpack_social_options":{"image_generator_settings":{"template":"highway","default_image_id":0,"font":"","enabled":false},"version":2}},"categories":[33,15,11],"tags":[],"class_list":["post-3025","post","type-post","status-publish","format-standard","hentry","category-articles","category-conferences-debats","category-editorial"],"jetpack_publicize_connections":[],"jetpack_featured_media_url":"","jetpack_sharing_enabled":true,"_links":{"self":[{"href":"https:\/\/idnf.fr\/index.php?rest_route=\/wp\/v2\/posts\/3025","targetHints":{"allow":["GET"]}}],"collection":[{"href":"https:\/\/idnf.fr\/index.php?rest_route=\/wp\/v2\/posts"}],"about":[{"href":"https:\/\/idnf.fr\/index.php?rest_route=\/wp\/v2\/types\/post"}],"author":[{"embeddable":true,"href":"https:\/\/idnf.fr\/index.php?rest_route=\/wp\/v2\/users\/2"}],"replies":[{"embeddable":true,"href":"https:\/\/idnf.fr\/index.php?rest_route=%2Fwp%2Fv2%2Fcomments&post=3025"}],"version-history":[{"count":1,"href":"https:\/\/idnf.fr\/index.php?rest_route=\/wp\/v2\/posts\/3025\/revisions"}],"predecessor-version":[{"id":3026,"href":"https:\/\/idnf.fr\/index.php?rest_route=\/wp\/v2\/posts\/3025\/revisions\/3026"}],"wp:attachment":[{"href":"https:\/\/idnf.fr\/index.php?rest_route=%2Fwp%2Fv2%2Fmedia&parent=3025"}],"wp:term":[{"taxonomy":"category","embeddable":true,"href":"https:\/\/idnf.fr\/index.php?rest_route=%2Fwp%2Fv2%2Fcategories&post=3025"},{"taxonomy":"post_tag","embeddable":true,"href":"https:\/\/idnf.fr\/index.php?rest_route=%2Fwp%2Fv2%2Ftags&post=3025"}],"curies":[{"name":"wp","href":"https:\/\/api.w.org\/{rel}","templated":true}]}}