{"id":3049,"date":"2024-05-26T08:51:23","date_gmt":"2024-05-26T06:51:23","guid":{"rendered":"https:\/\/idnf.fr\/?p=3049"},"modified":"2024-05-26T08:51:26","modified_gmt":"2024-05-26T06:51:26","slug":"idnf-a-radio-courtoisie","status":"publish","type":"post","link":"https:\/\/idnf.fr\/?p=3049","title":{"rendered":"IDNF \u00e0 RADIO COURTOISIE"},"content":{"rendered":"\n<p class=\"has-black-color has-text-color has-link-color wp-elements-16be155f8384ed1347a5758c9d3e366e\">Un grand merci \u00e0 Mike Borowski pour son invitation samedi 24 mai \u00e0 son \u00e9mission \u00ab\u00a0Le journal des controverses\u00a0\u00bb au cours de laquelle nous avons pu \u00e9chang\u00e9 sur diff\u00e9rents sujets de soci\u00e9t\u00e9 et plus particuli\u00e8rement l&rsquo;arm\u00e9e.<\/p>\n\n\n\n<figure class=\"wp-block-embed is-type-wp-embed is-provider-radio-courtoisie wp-block-embed-radio-courtoisie\"><div class=\"wp-block-embed__wrapper\">\n<blockquote class=\"wp-embedded-content\" data-secret=\"EMTwjUYqJM\"><a href=\"https:\/\/www.rc.fr\/2024\/05\/25\/libre-journal-des-controverses-du-25-mai-2024-larmee-peut-elle-sauver-la-france\/\">Libre journal des controverses du 25 mai 2024 : &#8220;L&#8217;Arm\u00e9e peut-elle sauver la France ?&#8221;<\/a><\/blockquote><iframe loading=\"lazy\" class=\"wp-embedded-content\" sandbox=\"allow-scripts\" security=\"restricted\" style=\"position: absolute; clip: rect(1px, 1px, 1px, 1px);\" title=\"\u00ab\u00a0Libre journal des controverses du 25 mai 2024 : &#8220;L&#8217;Arm\u00e9e peut-elle sauver la France ?&#8221;\u00a0\u00bb &#8212; Radio Courtoisie\" src=\"https:\/\/www.rc.fr\/2024\/05\/25\/libre-journal-des-controverses-du-25-mai-2024-larmee-peut-elle-sauver-la-france\/embed\/#?secret=uZlsALnqTA#?secret=EMTwjUYqJM\" data-secret=\"EMTwjUYqJM\" width=\"600\" height=\"338\" frameborder=\"0\" marginwidth=\"0\" marginheight=\"0\" scrolling=\"no\"><\/iframe>\n<\/div><\/figure>\n\n\n\n<p class=\"has-black-color has-text-color has-link-color wp-elements-6330ab312c40a759dea5f0ecdec6a088\"><strong>Comment s&rsquo;inscrire \u00e0 notre colloque :<\/strong><\/p>\n\n\n\n<p class=\"has-black-color has-text-color has-link-color wp-elements-f600afb274b10f41e346a1a978cc261e\">sur le site weezevent :<\/p>\n\n\n\n<p><a href=\"https:\/\/my.weezevent.com\/les-leurres-dun-cameleon-ou-comment-e-macron-masque-ses-echecs\">https:\/\/my.weezevent.com\/les-leurres-dun-cameleon-ou-comment-e-macron-masque-ses-echecs<\/a><\/p>\n\n\n\n<p class=\"has-black-color has-text-color has-link-color wp-elements-1558fc49b770dcf7d873ce73e5857f47\">par mail :<\/p>\n\n\n\n<p class=\"has-black-color has-text-color has-link-color wp-elements-6283c250cf5fd4a2a51d94b8e4951d77\">contact@idnf.fr<\/p>\n\n\n\n<p class=\"has-black-color has-text-color has-link-color wp-elements-c2fa2170fc8d08dcd7602344685ecaff\">par sms :<\/p>\n\n\n\n<p class=\"has-black-color has-text-color has-link-color wp-elements-cc5b14adfc3a954ea1af39460cf378d2\">06 62 32 91 24<\/p>\n\n\n\n<p class=\"has-black-color has-text-color has-link-color wp-elements-b8b5fcb53bf6ac0948e5540fd3fcd759\"><strong>Amiti\u00e9s patriotes<\/strong><\/p>\n\n\n\n<p class=\"has-black-color has-text-color has-link-color wp-elements-7625cbe893cc6b617987472082a37313\"><strong>L&rsquo;\u00e9quipe IDNF<\/strong><\/p>\n","protected":false},"excerpt":{"rendered":"<p>Un grand merci \u00e0 Mike Borowski pour son invitation samedi 24 mai \u00e0 son \u00e9mission&#8230;<\/p>\n","protected":false},"author":2,"featured_media":3050,"comment_status":"open","ping_status":"open","sticky":false,"template":"","format":"standard","meta":{"_EventAllDay":false,"_EventTimezone":"","_EventStartDate":"","_EventEndDate":"","_EventStartDateUTC":"","_EventEndDateUTC":"","_EventShowMap":false,"_EventShowMapLink":false,"_EventURL":"","_EventCost":"","_EventCostDescription":"","_EventCurrencySymbol":"","_EventCurrencyCode":"","_EventCurrencyPosition":"","_EventDateTimeSeparator":"","_EventTimeRangeSeparator":"","_EventOrganizerID":[],"_EventVenueID":[],"_OrganizerEmail":"","_OrganizerPhone":"","_OrganizerWebsite":"","_VenueAddress":"","_VenueCity":"","_VenueCountry":"","_VenueProvince":"","_VenueState":"","_VenueZip":"","_VenuePhone":"","_VenueURL":"","_VenueStateProvince":"","_VenueLat":"","_VenueLng":"","_VenueShowMap":false,"_VenueShowMapLink":false,"jetpack_post_was_ever_published":false,"_jetpack_newsletter_access":"","_jetpack_dont_email_post_to_subs":false,"_jetpack_newsletter_tier_id":0,"_jetpack_memberships_contains_paywalled_content":false,"_jetpack_memberships_contains_paid_content":false,"footnotes":"","jetpack_publicize_message":"","jetpack_publicize_feature_enabled":true,"jetpack_social_post_already_shared":true,"jetpack_social_options":{"image_generator_settings":{"template":"highway","default_image_id":0,"font":"","enabled":false},"version":2}},"categories":[33,11],"tags":[],"class_list":["post-3049","post","type-post","status-publish","format-standard","has-post-thumbnail","hentry","category-articles","category-editorial"],"jetpack_publicize_connections":[],"jetpack_featured_media_url":"https:\/\/i0.wp.com\/idnf.fr\/wp-content\/uploads\/2024\/05\/rc.jpg?fit=600%2C400&ssl=1","jetpack_sharing_enabled":true,"_links":{"self":[{"href":"https:\/\/idnf.fr\/index.php?rest_route=\/wp\/v2\/posts\/3049","targetHints":{"allow":["GET"]}}],"collection":[{"href":"https:\/\/idnf.fr\/index.php?rest_route=\/wp\/v2\/posts"}],"about":[{"href":"https:\/\/idnf.fr\/index.php?rest_route=\/wp\/v2\/types\/post"}],"author":[{"embeddable":true,"href":"https:\/\/idnf.fr\/index.php?rest_route=\/wp\/v2\/users\/2"}],"replies":[{"embeddable":true,"href":"https:\/\/idnf.fr\/index.php?rest_route=%2Fwp%2Fv2%2Fcomments&post=3049"}],"version-history":[{"count":1,"href":"https:\/\/idnf.fr\/index.php?rest_route=\/wp\/v2\/posts\/3049\/revisions"}],"predecessor-version":[{"id":3051,"href":"https:\/\/idnf.fr\/index.php?rest_route=\/wp\/v2\/posts\/3049\/revisions\/3051"}],"wp:featuredmedia":[{"embeddable":true,"href":"https:\/\/idnf.fr\/index.php?rest_route=\/wp\/v2\/media\/3050"}],"wp:attachment":[{"href":"https:\/\/idnf.fr\/index.php?rest_route=%2Fwp%2Fv2%2Fmedia&parent=3049"}],"wp:term":[{"taxonomy":"category","embeddable":true,"href":"https:\/\/idnf.fr\/index.php?rest_route=%2Fwp%2Fv2%2Fcategories&post=3049"},{"taxonomy":"post_tag","embeddable":true,"href":"https:\/\/idnf.fr\/index.php?rest_route=%2Fwp%2Fv2%2Ftags&post=3049"}],"curies":[{"name":"wp","href":"https:\/\/api.w.org\/{rel}","templated":true}]}}