{"id":3056,"date":"2024-05-26T23:22:07","date_gmt":"2024-05-26T21:22:07","guid":{"rendered":"https:\/\/idnf.fr\/?p=3056"},"modified":"2024-05-26T23:22:08","modified_gmt":"2024-05-26T21:22:08","slug":"de-la-democratie-en-france","status":"publish","type":"post","link":"https:\/\/idnf.fr\/?p=3056","title":{"rendered":"De la d\u00e9mocratie en France&#8230;"},"content":{"rendered":"\n<figure class=\"wp-block-image aligncenter size-full\"><img data-recalc-dims=\"1\" loading=\"lazy\" decoding=\"async\" width=\"200\" height=\"155\" src=\"https:\/\/i0.wp.com\/idnf.fr\/wp-content\/uploads\/2023\/12\/ROURE.jpeg?resize=200%2C155&#038;ssl=1\" alt=\"\" class=\"wp-image-1197\"\/><figcaption class=\"wp-element-caption\">G\u00e9n\u00e9ral 2S Henri ROURE<\/figcaption><\/figure>\n\n\n\n<p class=\"has-black-color has-text-color has-link-color wp-elements-563593011c96efb91bcccebf8c17c736\">Du plus profond de moi-m\u00eame je sens une r\u00e9volte monter. Je me rassure en sachant qu\u2019elle est l\u00e9gitime puisque je la partage avec beaucoup de mes concitoyens.<\/p>\n\n\n\n<p class=\"has-black-color has-text-color has-link-color wp-elements-7382b4dddcf2e2309083f715975c545f\">Cette \u00e9lection qui se pr\u00e9pare vise bien \u00e9videmment \u00e0 d\u00e9terminer le destin de la France. Rien d\u2019autre. Elle devrait donc reposer sur une mise en application, la plus parfaite possible, des principes de la d\u00e9mocratie. C\u2019est-\u00e0-dire de l\u2019expression \u00e9clair\u00e9e et d\u00e9terminante du peuple par le vote.<\/p>\n\n\n\n<p class=\"has-black-color has-text-color has-link-color wp-elements-a05e44e4fab140c98bdfd0a79faf1b6b\">Vous pouvez le constater \u00e0 l\u2019\u00e9coute ou \u00e0 la lecture des m\u00e9dias, ce n\u2019est absolument pas le cas.<\/p>\n\n\n\n<p class=\"has-black-color has-text-color has-link-color wp-elements-317a86d17c026ee69eac8ebee551418f\">Nous pouvons crier au scandale, rien n\u2019y fera. Nous demeurons soumis \u00e0 une propagande dispens\u00e9e par toutes sortes de vecteurs et de personnes bien positionn\u00e9es dans ce dispositif qui devrait \u00eatre d\u2019information. Il n\u2019est en fait qu\u2019un outil puissant de diffusion d\u2019une id\u00e9ologie. Nous subissons une vaste action d\u2019endoctrinement et de tricherie et un insondable m\u00e9pris pour les opinions non-tol\u00e9r\u00e9es. En un mot, nous sommes confront\u00e9s \u00e0 du sectarisme.<\/p>\n\n\n\n<p class=\"has-black-color has-text-color has-link-color wp-elements-233359f9c50836d5243875417aef04a7\">Le dernier exemple en date saute aux yeux, c\u2019est celui du choix de l\u2019adversaire par le pouvoir. A \u00e9t\u00e9 ainsi imagin\u00e9 et impos\u00e9, un d\u00e9bat entre le premier ministre et le pr\u00e9sident du Rassemblement National. Ajoutant \u00e0 ce viol de tous les principes \u00e9galitaires, fondements de toute vraie d\u00e9mocratie, le pr\u00e9sident de la R\u00e9publique a propos\u00e9 un d\u00e9bat \u00e0 la patronne de fait de ce parti d\u2019opposition.<\/p>\n\n\n\n<p class=\"has-black-color has-text-color has-link-color wp-elements-45f57055aaf2949d07b0cd953bc9673d\">Cela voudrait-il dire que les sondages, orient\u00e9s par qui les commande et les paie, valent \u00e9lection ou au moins s\u00e9lection des deux mouvements politiques qui seuls m\u00e9riteraient l\u2019int\u00e9r\u00eat?<\/p>\n\n\n\n<p class=\"has-black-color has-text-color has-link-color wp-elements-558a1af666b81ef42a382a3f62e6f408\">\u00c0 moins que le pouvoir actuel craigne davantage ceux qu\u2019il veut \u00e9carter du d\u00e9bat que le Rassemblement National qui, finalement, aurait \u00e9volu\u00e9 au point qu\u2019une alternance ne lui appara\u00eetrait plus comme une menace pour son id\u00e9ologie europ\u00e9iste?<\/p>\n\n\n\n<p class=\"has-black-color has-text-color has-link-color wp-elements-97e179fd121f86d7c00dd1c46085bc4b\">C\u2019est \u00e9videmment d\u00e9daigner les millions d\u2019\u00e9lecteurs, sans doute majoritaires, qui ne pensent ni comme les derniers fid\u00e8les du pouvoir, ni comme les partisans du Rassemblement National ralli\u00e9 aux compromissions.<\/p>\n\n\n\n<p class=\"has-black-color has-text-color has-link-color wp-elements-33dbd5b738b9e701f9731d35beee19d4\">O\u00f9 donc est la d\u00e9mocratie si les autres attitudes ou engagements politiques ne peuvent acc\u00e9der \u00e0 de tels types de mise en valeur? Il est vrai que depuis au moins 2005 et le balayage du r\u00e9f\u00e9rendum hostile aux d\u00e9veloppements europ\u00e9istes du pouvoir de l\u2019\u00e9poque \u2013 dont l\u2019actuel n\u2019est que le prolongement &#8211; , la d\u00e9mocratie est devenue un danger pour la caste qui nous gouverne.<\/p>\n\n\n\n<p class=\"has-black-color has-text-color has-link-color wp-elements-8f9ebe7e560844bcfe202d7ef54727fd\">O\u00f9 est donc la d\u00e9mocratie si les citoyens ne se voient pas proposer \u00e9quitablement l\u2019ensemble des choix \u00e9lectoraux possibles? O\u00f9 donc est la d\u00e9mocratie si l\u2019acc\u00e8s aux m\u00e9dias est r\u00e9serv\u00e9 \u00e0 une minorit\u00e9?<\/p>\n\n\n\n<p class=\"has-black-color has-text-color has-link-color wp-elements-51c06be2aaf2cae6bd7141ca279c1fb0\"><strong>G\u00e9n\u00e9ral (2S) H. ROURE<\/strong><\/p>\n","protected":false},"excerpt":{"rendered":"<p>Du plus profond de moi-m\u00eame je sens une r\u00e9volte monter. Je me rassure en sachant&#8230;<\/p>\n","protected":false},"author":4,"featured_media":1197,"comment_status":"open","ping_status":"open","sticky":false,"template":"","format":"standard","meta":{"_EventAllDay":false,"_EventTimezone":"","_EventStartDate":"","_EventEndDate":"","_EventStartDateUTC":"","_EventEndDateUTC":"","_EventShowMap":false,"_EventShowMapLink":false,"_EventURL":"","_EventCost":"","_EventCostDescription":"","_EventCurrencySymbol":"","_EventCurrencyCode":"","_EventCurrencyPosition":"","_EventDateTimeSeparator":"","_EventTimeRangeSeparator":"","_EventOrganizerID":[],"_EventVenueID":[],"_OrganizerEmail":"","_OrganizerPhone":"","_OrganizerWebsite":"","_VenueAddress":"","_VenueCity":"","_VenueCountry":"","_VenueProvince":"","_VenueState":"","_VenueZip":"","_VenuePhone":"","_VenueURL":"","_VenueStateProvince":"","_VenueLat":"","_VenueLng":"","_VenueShowMap":false,"_VenueShowMapLink":false,"jetpack_post_was_ever_published":false,"_jetpack_newsletter_access":"","_jetpack_dont_email_post_to_subs":false,"_jetpack_newsletter_tier_id":0,"_jetpack_memberships_contains_paywalled_content":false,"_jetpack_memberships_contains_paid_content":false,"footnotes":"","jetpack_publicize_message":"","jetpack_publicize_feature_enabled":true,"jetpack_social_post_already_shared":true,"jetpack_social_options":{"image_generator_settings":{"template":"highway","default_image_id":0,"font":"","enabled":false},"version":2}},"categories":[33,11],"tags":[],"class_list":["post-3056","post","type-post","status-publish","format-standard","has-post-thumbnail","hentry","category-articles","category-editorial"],"jetpack_publicize_connections":[],"jetpack_featured_media_url":"https:\/\/i0.wp.com\/idnf.fr\/wp-content\/uploads\/2023\/12\/ROURE.jpeg?fit=200%2C155&ssl=1","jetpack_sharing_enabled":true,"_links":{"self":[{"href":"https:\/\/idnf.fr\/index.php?rest_route=\/wp\/v2\/posts\/3056","targetHints":{"allow":["GET"]}}],"collection":[{"href":"https:\/\/idnf.fr\/index.php?rest_route=\/wp\/v2\/posts"}],"about":[{"href":"https:\/\/idnf.fr\/index.php?rest_route=\/wp\/v2\/types\/post"}],"author":[{"embeddable":true,"href":"https:\/\/idnf.fr\/index.php?rest_route=\/wp\/v2\/users\/4"}],"replies":[{"embeddable":true,"href":"https:\/\/idnf.fr\/index.php?rest_route=%2Fwp%2Fv2%2Fcomments&post=3056"}],"version-history":[{"count":1,"href":"https:\/\/idnf.fr\/index.php?rest_route=\/wp\/v2\/posts\/3056\/revisions"}],"predecessor-version":[{"id":3057,"href":"https:\/\/idnf.fr\/index.php?rest_route=\/wp\/v2\/posts\/3056\/revisions\/3057"}],"wp:featuredmedia":[{"embeddable":true,"href":"https:\/\/idnf.fr\/index.php?rest_route=\/wp\/v2\/media\/1197"}],"wp:attachment":[{"href":"https:\/\/idnf.fr\/index.php?rest_route=%2Fwp%2Fv2%2Fmedia&parent=3056"}],"wp:term":[{"taxonomy":"category","embeddable":true,"href":"https:\/\/idnf.fr\/index.php?rest_route=%2Fwp%2Fv2%2Fcategories&post=3056"},{"taxonomy":"post_tag","embeddable":true,"href":"https:\/\/idnf.fr\/index.php?rest_route=%2Fwp%2Fv2%2Ftags&post=3056"}],"curies":[{"name":"wp","href":"https:\/\/api.w.org\/{rel}","templated":true}]}}