{"id":3069,"date":"2024-05-29T10:28:39","date_gmt":"2024-05-29T08:28:39","guid":{"rendered":"https:\/\/idnf.fr\/?p=3069"},"modified":"2024-05-29T10:28:43","modified_gmt":"2024-05-29T08:28:43","slug":"les-leurres-dun-cameleon","status":"publish","type":"post","link":"https:\/\/idnf.fr\/?p=3069","title":{"rendered":"Les leurres d&rsquo;un cam\u00e9l\u00e9on&#8230;"},"content":{"rendered":"\n<p class=\"has-black-color has-text-color has-link-color wp-elements-f2cd4d7fb1621122d7490b0962a56a4d\">Les leurres d\u2019un cam\u00e9l\u00e9on\u2026 C\u2019est pourtant mignon un cam\u00e9l\u00e9on\u2026<\/p>\n\n\n\n<figure class=\"wp-block-image aligncenter size-full\"><img data-recalc-dims=\"1\" loading=\"lazy\" decoding=\"async\" width=\"299\" height=\"168\" src=\"https:\/\/i0.wp.com\/idnf.fr\/wp-content\/uploads\/2024\/05\/macron-projet.jpg?resize=299%2C168&#038;ssl=1\" alt=\"\" class=\"wp-image-3070\"\/><figcaption class=\"wp-element-caption\">Flippant&#8230;<\/figcaption><\/figure>\n\n\n\n<p class=\"has-black-color has-text-color has-link-color wp-elements-240a78123cb01dcf7e37d7afd7f672d5\">Sa capacit\u00e9 d\u2019adaptation en se fondant dans son environnement est fascinante. Ses couleurs changent au gr\u00e9 de ses humeurs. Sa lenteur en se d\u00e9pla\u00e7ant au sol qui pourrait le faire passer pour maladroit est toute relative car dans les arbres il devient acrobate.<\/p>\n\n\n\n<p class=\"has-black-color has-text-color has-link-color wp-elements-984f1626ba264b84b83990a4756418bd\">Alors pourquoi diable comparer E. Macron \u00e0 un cam\u00e9l\u00e9on&nbsp;?<\/p>\n\n\n\n<p class=\"has-black-color has-text-color has-link-color wp-elements-8ae30a894a53a59b8d2aa89cb568ca5c\">Dans le langage courant, un cam\u00e9l\u00e9on est une personne qui change d\u2019avis en fonction de l\u2019int\u00e9r\u00eat qu\u2019elle peut en tirer.<\/p>\n\n\n\n<p class=\"has-black-color has-text-color has-link-color wp-elements-fd226a4df5fc376f72124fa82e49a5db\">Dans le cas pr\u00e9sent, notre sp\u00e9cimen \u00e9lys\u00e9en dispose d\u2019une facult\u00e9 suppl\u00e9mentaire bien utile dans l\u2019art de la politique&nbsp;: celle de la duperie et disons le du mensonge.<\/p>\n\n\n\n<p class=\"has-black-color has-text-color has-link-color wp-elements-1846fbc041873c852eab6a00c0cd43b5\">Depuis maintenant sept ans voil\u00e0 un homme, surgi de nulle part, port\u00e9 par d\u2019obscures forces internationales, mondialistes, par des r\u00e9seaux discrets, secrets, tr\u00e8s secrets et dont le but \u00e0 peine cach\u00e9 est de d\u00e9tricoter, d\u00e9structurer enfin d\u00e9truire de fa\u00e7on m\u00e9thodique, pas \u00e0 pas, avec ce sourire fig\u00e9 sur un visage presque ch\u00e9rubin, jouant le faux na\u00eff (ah ce pognon de dingue), tour \u00e0 tour provocateur (souvenez vous de ce 14 juillet \u00e0 l\u2019Elys\u00e9e plac\u00e9 sous le signe de la d\u00e9pravation\u2026), m\u00e9prisant, cassant (on trouve du travail en traversant la rue), mais aussi s\u00e9ducteur (ah ce bel antillais), faussement viril (ah cette photo d\u2019Emmanuel boxeur), autoritaire (qu\u2019ils viennent me chercher&nbsp;!), donneur de le\u00e7ons aussi.<\/p>\n\n\n\n<p class=\"has-black-color has-text-color has-link-color wp-elements-5f10dbeb87df1231ced73549f2919317\">Et bien s\u00fbr tout cela en m\u00eame temps\u2026 Il aura r\u00e9ussi \u00e0 exprimer en une simple expression toutes les incoh\u00e9rences, les errements, les erreurs de sa politique.<\/p>\n\n\n\n<p class=\"has-black-color has-text-color has-link-color wp-elements-f51ff36e3ed948950c1d232aadeec9c1\">Mais au fait, nous avait t-il cach\u00e9 ses intentions&nbsp;? Souvenez vous&nbsp;! C\u2019est notre projet&nbsp;!!!!<\/p>\n\n\n\n<p class=\"has-black-color has-text-color has-link-color wp-elements-776c1bf8bb227cce9346e33664a3ed34\">Yeux exorbit\u00e9s, la bave aux l\u00e8vres, le candidat Macron, en un \u00e9lan extatique hurlait \u00e0 la face d\u2019un monde encore incr\u00e9dule mais, reconnaissons le s\u00e9duit par cette jeunesse pourtant incomp\u00e9tente la vision d&rsquo;un enfer pav\u00e9 de mauvaises intentions.<\/p>\n\n\n\n<p class=\"has-black-color has-text-color has-link-color wp-elements-5546e7a6277c0547945b80a7335f696c\">En cet instant mal\u00e9fique, qui croyait s\u00e9rieusement en la capacit\u00e9 de cet homme, ni de droite, ni de gauche, \u00e0 rassembler au del\u00e0 d&rsquo;une base \u00e9lectorale bien fragile, d\u00e9sincarn\u00e9e, parisienne, jacobine, sans territoire aucun si ce n&rsquo;est celui de la finance ?<\/p>\n\n\n\n<p class=\"has-black-color has-text-color has-link-color wp-elements-027964d7112cee56fa859abcd550982e\">Et c&rsquo;est bien l\u00e0 le probl\u00e8me. Son plus grand tour de passe-passe a bien \u00e9t\u00e9 de se faire \u00e9lire. Sans programme&#8230; Certes, avec l&rsquo;appui de la puissance de l&rsquo;argent, des medias dont la docilit\u00e9 n&rsquo;a d&rsquo;\u00e9gale que leur pouvoir de nuisance.<\/p>\n\n\n\n<p class=\"has-black-color has-text-color has-link-color wp-elements-031221b13c1577284f752ad98196f207\">Mais aussi avec notre complicit\u00e9 passive. Nous aurions du manifester notre d\u00e9sir de changement lors des \u00e9lections pr\u00e9sidentielles de 2022. Or, nous avons remis le couvert. Au grand dam de ces patriotes qui croient encore possible le retour de notre souverainet\u00e9, notre syst\u00e8me politico-mediatique poursuit la lente d\u00e9gradation, ce d\u00e9litement de toutes les couches sociales, \u00e9conomiques, culturelles de notre pays.<\/p>\n\n\n\n<p class=\"has-black-color has-text-color has-link-color wp-elements-e3bbf2164acf99de879a625bf9f6f2a3\">Il est encore de temps de r\u00e9agir et c&rsquo;est bien dans cet esprit que le colloque du samedi 1er juin a \u00e9t\u00e9 initi\u00e9. D\u00e9crypter les mensonges, ces leurres qui maintiennent la population dans la d\u00e9sinformation, l&rsquo;ignorance pour mieux la contr\u00f4ler.<\/p>\n\n\n\n<p class=\"has-black-color has-text-color has-link-color wp-elements-d514a9cbaeca9140c396fa0977f46309\">Et qu&rsquo;enfin, le jour du scrutin des prochaines \u00e9lections europ\u00e9ennes, ce soit le bien commun et la souverainet\u00e9 qui soit remise \u00e0 l&rsquo;honneur.<\/p>\n\n\n\n<p class=\"has-black-color has-text-color has-link-color wp-elements-e1c1f92df4e552b2617b15abe9ccddc8\"><strong>Inscriptions :<\/strong><\/p>\n\n\n\n<p><a href=\"https:\/\/my.weezevent.com\/les-leurres-dun-cameleon-ou-comment-e-macron-masque-ses-echecs\">https:\/\/my.weezevent.com\/les-leurres-dun-cameleon-ou-comment-e-macron-masque-ses-echecs<\/a><\/p>\n\n\n\n<p class=\"has-black-color has-text-color has-link-color wp-elements-f2686685a4e57d894f039ffd616533ea\">Mail : contact@idnf.fr<\/p>\n\n\n\n<p class=\"has-black-color has-text-color has-link-color wp-elements-a2c29c2ef3e7cb33b23c806b36b990e5\">Sms : 06 62 32 91 24<\/p>\n\n\n\n<p class=\"has-black-color has-text-color has-link-color wp-elements-b8b5fcb53bf6ac0948e5540fd3fcd759\"><strong>Amiti\u00e9s patriotes<\/strong><\/p>\n\n\n\n<p class=\"has-black-color has-text-color has-link-color wp-elements-a7cf9a9e3ad7d7890d1de0b5c301df53\"><strong>P.MAGNERON<\/strong><\/p>\n\n\n\n<p><\/p>\n","protected":false},"excerpt":{"rendered":"<p>Les leurres d\u2019un cam\u00e9l\u00e9on\u2026 C\u2019est pourtant mignon un cam\u00e9l\u00e9on\u2026 Sa capacit\u00e9 d\u2019adaptation en se fondant&#8230;<\/p>\n","protected":false},"author":2,"featured_media":3070,"comment_status":"open","ping_status":"open","sticky":false,"template":"","format":"standard","meta":{"_EventAllDay":false,"_EventTimezone":"","_EventStartDate":"","_EventEndDate":"","_EventStartDateUTC":"","_EventEndDateUTC":"","_EventShowMap":false,"_EventShowMapLink":false,"_EventURL":"","_EventCost":"","_EventCostDescription":"","_EventCurrencySymbol":"","_EventCurrencyCode":"","_EventCurrencyPosition":"","_EventDateTimeSeparator":"","_EventTimeRangeSeparator":"","_EventOrganizerID":[],"_EventVenueID":[],"_OrganizerEmail":"","_OrganizerPhone":"","_OrganizerWebsite":"","_VenueAddress":"","_VenueCity":"","_VenueCountry":"","_VenueProvince":"","_VenueState":"","_VenueZip":"","_VenuePhone":"","_VenueURL":"","_VenueStateProvince":"","_VenueLat":"","_VenueLng":"","_VenueShowMap":false,"_VenueShowMapLink":false,"jetpack_post_was_ever_published":false,"_jetpack_newsletter_access":"","_jetpack_dont_email_post_to_subs":false,"_jetpack_newsletter_tier_id":0,"_jetpack_memberships_contains_paywalled_content":false,"_jetpack_memberships_contains_paid_content":false,"footnotes":"","jetpack_publicize_message":"","jetpack_publicize_feature_enabled":true,"jetpack_social_post_already_shared":true,"jetpack_social_options":{"image_generator_settings":{"template":"highway","default_image_id":0,"font":"","enabled":false},"version":2}},"categories":[33,15,11],"tags":[],"class_list":["post-3069","post","type-post","status-publish","format-standard","has-post-thumbnail","hentry","category-articles","category-conferences-debats","category-editorial"],"jetpack_publicize_connections":[],"jetpack_featured_media_url":"https:\/\/i0.wp.com\/idnf.fr\/wp-content\/uploads\/2024\/05\/macron-projet.jpg?fit=299%2C168&ssl=1","jetpack_sharing_enabled":true,"_links":{"self":[{"href":"https:\/\/idnf.fr\/index.php?rest_route=\/wp\/v2\/posts\/3069","targetHints":{"allow":["GET"]}}],"collection":[{"href":"https:\/\/idnf.fr\/index.php?rest_route=\/wp\/v2\/posts"}],"about":[{"href":"https:\/\/idnf.fr\/index.php?rest_route=\/wp\/v2\/types\/post"}],"author":[{"embeddable":true,"href":"https:\/\/idnf.fr\/index.php?rest_route=\/wp\/v2\/users\/2"}],"replies":[{"embeddable":true,"href":"https:\/\/idnf.fr\/index.php?rest_route=%2Fwp%2Fv2%2Fcomments&post=3069"}],"version-history":[{"count":2,"href":"https:\/\/idnf.fr\/index.php?rest_route=\/wp\/v2\/posts\/3069\/revisions"}],"predecessor-version":[{"id":3083,"href":"https:\/\/idnf.fr\/index.php?rest_route=\/wp\/v2\/posts\/3069\/revisions\/3083"}],"wp:featuredmedia":[{"embeddable":true,"href":"https:\/\/idnf.fr\/index.php?rest_route=\/wp\/v2\/media\/3070"}],"wp:attachment":[{"href":"https:\/\/idnf.fr\/index.php?rest_route=%2Fwp%2Fv2%2Fmedia&parent=3069"}],"wp:term":[{"taxonomy":"category","embeddable":true,"href":"https:\/\/idnf.fr\/index.php?rest_route=%2Fwp%2Fv2%2Fcategories&post=3069"},{"taxonomy":"post_tag","embeddable":true,"href":"https:\/\/idnf.fr\/index.php?rest_route=%2Fwp%2Fv2%2Ftags&post=3069"}],"curies":[{"name":"wp","href":"https:\/\/api.w.org\/{rel}","templated":true}]}}