{"id":3116,"date":"2024-06-03T22:39:28","date_gmt":"2024-06-03T20:39:28","guid":{"rendered":"https:\/\/idnf.fr\/?p=3116"},"modified":"2024-06-03T22:39:30","modified_gmt":"2024-06-03T20:39:30","slug":"retour-sur-le-colloque-de-samedi-un-premier-succes-qui-en-appelle-dautres","status":"publish","type":"post","link":"https:\/\/idnf.fr\/?p=3116","title":{"rendered":"Retour sur le colloque de samedi : un premier succ\u00e8s qui en appelle d&rsquo;autres"},"content":{"rendered":"\n<p class=\"has-black-color has-text-color has-link-color wp-elements-23f989897d3d566867e808600dedc51a\">En attendant la diffusion progressive des videos film\u00e9es pendant le colloque samedi dernier, nous tenons \u00e0 remercier chaleureusement les nombreux participants \u00e0 cette journ\u00e9e exceptionnelle au cours de laquelle la qualit\u00e9 des interventions de nos conf\u00e9renciers a permis \u00e0 notre public de mieux mesurer (si besoin \u00e9tait) l&rsquo;importance capitale pour notre pays du prochain scrutin des \u00e9lections europ\u00e9ennes 2024.<\/p>\n\n\n\n<figure class=\"wp-block-image aligncenter size-large is-resized\"><img data-recalc-dims=\"1\" loading=\"lazy\" decoding=\"async\" width=\"576\" height=\"1024\" src=\"https:\/\/i0.wp.com\/idnf.fr\/wp-content\/uploads\/2024\/06\/20240601_184635.jpg?resize=576%2C1024&#038;ssl=1\" alt=\"\" class=\"wp-image-3119\" style=\"width:426px;height:auto\" srcset=\"https:\/\/i0.wp.com\/idnf.fr\/wp-content\/uploads\/2024\/06\/20240601_184635-scaled.jpg?resize=576%2C1024&amp;ssl=1 576w, https:\/\/i0.wp.com\/idnf.fr\/wp-content\/uploads\/2024\/06\/20240601_184635-scaled.jpg?resize=169%2C300&amp;ssl=1 169w, https:\/\/i0.wp.com\/idnf.fr\/wp-content\/uploads\/2024\/06\/20240601_184635-scaled.jpg?resize=768%2C1365&amp;ssl=1 768w, https:\/\/i0.wp.com\/idnf.fr\/wp-content\/uploads\/2024\/06\/20240601_184635-scaled.jpg?resize=864%2C1536&amp;ssl=1 864w, https:\/\/i0.wp.com\/idnf.fr\/wp-content\/uploads\/2024\/06\/20240601_184635-scaled.jpg?resize=1152%2C2048&amp;ssl=1 1152w, https:\/\/i0.wp.com\/idnf.fr\/wp-content\/uploads\/2024\/06\/20240601_184635-scaled.jpg?resize=1024%2C1820&amp;ssl=1 1024w, https:\/\/i0.wp.com\/idnf.fr\/wp-content\/uploads\/2024\/06\/20240601_184635-scaled.jpg?w=1440&amp;ssl=1 1440w, https:\/\/i0.wp.com\/idnf.fr\/wp-content\/uploads\/2024\/06\/20240601_184635-scaled.jpg?w=1280&amp;ssl=1 1280w\" sizes=\"auto, (max-width: 576px) 100vw, 576px\" \/><\/figure>\n\n\n\n<p class=\"has-black-color has-text-color has-link-color wp-elements-fc4eee57fcb9996702cf42a6469291aa\">Nous saluons et remercions vivement nos deux t\u00eates d&rsquo;affiches, Monsieur Florian PHILIPPOT des Patriotes et Monsieur Fran\u00e7ois ASSELINEAU d&rsquo;avoir particip\u00e9 \u00e0 ces \u00e9changes.<\/p>\n\n\n\n<p class=\"has-black-color has-text-color has-link-color wp-elements-7e2f39fbba20b6d32667d086462931ec\">Economie, affaires \u00e9trang\u00e8res, \u00e9cologie, services publics, droit et criminalit\u00e9 ont \u00e9t\u00e9 abord\u00e9s lors de nos quatre tables rondes avec en toile de fond l&rsquo;illusion, la tromperie orchestr\u00e9e par les pouvoirs politique et m\u00e9diatique.<\/p>\n\n\n\n<p class=\"has-black-color has-text-color has-link-color wp-elements-2dec25731f8ea3c0c51dff7dea327899\">Oui, l&rsquo;Europe f\u00e9d\u00e9rale annonc\u00e9e par Bruxelles est un danger pour notre pays, pour notre souverainet\u00e9.<\/p>\n\n\n\n<p class=\"has-black-color has-text-color has-link-color wp-elements-7b45b5ee3d868a46478a4319c2e612d0\">Oui, il existe une autre alternative \u00e0 ce vol en bande organis\u00e9e par des int\u00e9r\u00eats priv\u00e9s bien d\u00e9cid\u00e9s \u00e0 poursuivre la tonte des moutons que nous sommes.<\/p>\n\n\n\n<p class=\"has-black-color has-text-color has-link-color wp-elements-676df7b68aa6fafab1eb5ca4da6abe00\">Elle s&rsquo;appelle FREXIT.<\/p>\n\n\n\n<p class=\"has-black-color has-text-color has-link-color wp-elements-1aeca7c4825675879e554c682651e9b8\">Non, le FREXIT n&rsquo;am\u00e8nera pas \u00e0 un repli sur soi, un protectionnisme exacerb\u00e9, st\u00e9rile, qui nous isolerait du monde.<\/p>\n\n\n\n<p class=\"has-black-color has-text-color has-link-color wp-elements-7b98c39091c28ca4cbbd57f007b11ebc\">Non, le FREXIT ne diminuera pas l&rsquo;influence de la France dans le monde.<\/p>\n\n\n\n<p class=\"has-black-color has-text-color has-link-color wp-elements-c4387a026549f5985fd2bba1191d7579\">Le FREXIT est la seule voie pour recouvrer notre pouvoir de d\u00e9cision et d&rsquo;action. En ce sens, plut\u00f4t que promouvoir une f\u00e9d\u00e9ration qui viendrait d\u00e9finitivement diluer notre histoire, notre culture, notre identit\u00e9 mais aussi notre \u00e9conomie, notre particularisme social, nous lui pr\u00e9f\u00e9rons un syst\u00e8me conf\u00e9d\u00e9ratif respectueux des Etats et surtout des peuples.<\/p>\n\n\n\n<p class=\"has-black-color has-text-color has-link-color wp-elements-100310488f319dc1f97119ffbdcbee5a\">Les \u00e9v\u00e9nements se pr\u00e9cipitent et devraient normalement emporter raison pour tout ceux qui, un tant soit peu, d\u00e9fendent le Bien Commun. La machine technocratique europ\u00e9enne s&rsquo;est emball\u00e9e et semble hors de contr\u00f4le. Quel peuple europ\u00e9en aujourd&rsquo;hui reconnait les vertus de l&rsquo;Europe ? Aucun.<\/p>\n\n\n\n<p class=\"has-black-color has-text-color has-link-color wp-elements-0b0ea69732cc6349db18c0ce1e0856b5\">Les financiers et autres lobbys ont notre destin entre leur main et cela en devient insupportable. Le d\u00e9tournement des lois \u00e0 leur profit explique \u00e0 lui seul l&rsquo;accroissement exponentiel de leur richesse quand l&rsquo;ensemble de la soci\u00e9t\u00e9 se paup\u00e9rise.<\/p>\n\n\n\n<p class=\"has-black-color has-text-color has-link-color wp-elements-9d3770fdb31850f7954d9f2cb457a04f\">Cela ne peut plus durer. Dimanche 9 juin. Votez contre votre propre disparition. Votez FREXIT.<\/p>\n\n\n\n<p class=\"has-black-color has-text-color has-link-color wp-elements-b8a86679ee998406bad1a07ed5909a6c\">P.MAGNERON<\/p>\n","protected":false},"excerpt":{"rendered":"<p>En attendant la diffusion progressive des videos film\u00e9es pendant le colloque samedi dernier, nous tenons&#8230;<\/p>\n","protected":false},"author":2,"featured_media":3119,"comment_status":"open","ping_status":"open","sticky":false,"template":"","format":"standard","meta":{"_EventAllDay":false,"_EventTimezone":"","_EventStartDate":"","_EventEndDate":"","_EventStartDateUTC":"","_EventEndDateUTC":"","_EventShowMap":false,"_EventShowMapLink":false,"_EventURL":"","_EventCost":"","_EventCostDescription":"","_EventCurrencySymbol":"","_EventCurrencyCode":"","_EventCurrencyPosition":"","_EventDateTimeSeparator":"","_EventTimeRangeSeparator":"","_EventOrganizerID":[],"_EventVenueID":[],"_OrganizerEmail":"","_OrganizerPhone":"","_OrganizerWebsite":"","_VenueAddress":"","_VenueCity":"","_VenueCountry":"","_VenueProvince":"","_VenueState":"","_VenueZip":"","_VenuePhone":"","_VenueURL":"","_VenueStateProvince":"","_VenueLat":"","_VenueLng":"","_VenueShowMap":false,"_VenueShowMapLink":false,"jetpack_post_was_ever_published":false,"_jetpack_newsletter_access":"","_jetpack_dont_email_post_to_subs":false,"_jetpack_newsletter_tier_id":0,"_jetpack_memberships_contains_paywalled_content":false,"_jetpack_memberships_contains_paid_content":false,"footnotes":"","jetpack_publicize_message":"","jetpack_publicize_feature_enabled":true,"jetpack_social_post_already_shared":true,"jetpack_social_options":{"image_generator_settings":{"template":"highway","default_image_id":0,"font":"","enabled":false},"version":2}},"categories":[33,23,11,26,1,25],"tags":[],"class_list":["post-3116","post","type-post","status-publish","format-standard","has-post-thumbnail","hentry","category-articles","category-economie","category-editorial","category-international","category-non-classe","category-politique"],"jetpack_publicize_connections":[],"jetpack_featured_media_url":"https:\/\/i0.wp.com\/idnf.fr\/wp-content\/uploads\/2024\/06\/20240601_184635-scaled.jpg?fit=1440%2C2560&ssl=1","jetpack_sharing_enabled":true,"_links":{"self":[{"href":"https:\/\/idnf.fr\/index.php?rest_route=\/wp\/v2\/posts\/3116","targetHints":{"allow":["GET"]}}],"collection":[{"href":"https:\/\/idnf.fr\/index.php?rest_route=\/wp\/v2\/posts"}],"about":[{"href":"https:\/\/idnf.fr\/index.php?rest_route=\/wp\/v2\/types\/post"}],"author":[{"embeddable":true,"href":"https:\/\/idnf.fr\/index.php?rest_route=\/wp\/v2\/users\/2"}],"replies":[{"embeddable":true,"href":"https:\/\/idnf.fr\/index.php?rest_route=%2Fwp%2Fv2%2Fcomments&post=3116"}],"version-history":[{"count":1,"href":"https:\/\/idnf.fr\/index.php?rest_route=\/wp\/v2\/posts\/3116\/revisions"}],"predecessor-version":[{"id":3120,"href":"https:\/\/idnf.fr\/index.php?rest_route=\/wp\/v2\/posts\/3116\/revisions\/3120"}],"wp:featuredmedia":[{"embeddable":true,"href":"https:\/\/idnf.fr\/index.php?rest_route=\/wp\/v2\/media\/3119"}],"wp:attachment":[{"href":"https:\/\/idnf.fr\/index.php?rest_route=%2Fwp%2Fv2%2Fmedia&parent=3116"}],"wp:term":[{"taxonomy":"category","embeddable":true,"href":"https:\/\/idnf.fr\/index.php?rest_route=%2Fwp%2Fv2%2Fcategories&post=3116"},{"taxonomy":"post_tag","embeddable":true,"href":"https:\/\/idnf.fr\/index.php?rest_route=%2Fwp%2Fv2%2Ftags&post=3116"}],"curies":[{"name":"wp","href":"https:\/\/api.w.org\/{rel}","templated":true}]}}