{"id":3270,"date":"2024-06-20T09:11:51","date_gmt":"2024-06-20T07:11:51","guid":{"rendered":"https:\/\/idnf.fr\/?p=3270"},"modified":"2024-06-20T09:11:54","modified_gmt":"2024-06-20T07:11:54","slug":"aaah-les-programmes-electoraux","status":"publish","type":"post","link":"https:\/\/idnf.fr\/?p=3270","title":{"rendered":"Aaah les programmes \u00e9lectoraux&#8230;"},"content":{"rendered":"\n<p class=\"has-black-color has-text-color has-link-color wp-elements-7714e9c34a79131d8a8b3349b20460be\">Nous vous proposons cette semaine notre d\u00e9cryptage des programmes \u00e9lectoraux pr\u00e9sent\u00e9s par les principaux partis en lice pour ces \u00e9lections l\u00e9gislatives.<\/p>\n\n\n\n<figure class=\"wp-block-image aligncenter size-large is-resized\"><img data-recalc-dims=\"1\" loading=\"lazy\" decoding=\"async\" width=\"640\" height=\"905\" src=\"https:\/\/i0.wp.com\/idnf.fr\/wp-content\/uploads\/2024\/06\/MACRONP1-page-0.jpg?resize=640%2C905&#038;ssl=1\" alt=\"\" class=\"wp-image-3273\" style=\"width:320px;height:auto\" srcset=\"https:\/\/i0.wp.com\/idnf.fr\/wp-content\/uploads\/2024\/06\/MACRONP1-page-0-scaled.jpg?resize=724%2C1024&amp;ssl=1 724w, https:\/\/i0.wp.com\/idnf.fr\/wp-content\/uploads\/2024\/06\/MACRONP1-page-0-scaled.jpg?resize=212%2C300&amp;ssl=1 212w, https:\/\/i0.wp.com\/idnf.fr\/wp-content\/uploads\/2024\/06\/MACRONP1-page-0-scaled.jpg?resize=768%2C1086&amp;ssl=1 768w, https:\/\/i0.wp.com\/idnf.fr\/wp-content\/uploads\/2024\/06\/MACRONP1-page-0-scaled.jpg?resize=1086%2C1536&amp;ssl=1 1086w, https:\/\/i0.wp.com\/idnf.fr\/wp-content\/uploads\/2024\/06\/MACRONP1-page-0-scaled.jpg?resize=1448%2C2048&amp;ssl=1 1448w, https:\/\/i0.wp.com\/idnf.fr\/wp-content\/uploads\/2024\/06\/MACRONP1-page-0-scaled.jpg?resize=1024%2C1448&amp;ssl=1 1024w, https:\/\/i0.wp.com\/idnf.fr\/wp-content\/uploads\/2024\/06\/MACRONP1-page-0-scaled.jpg?w=1811&amp;ssl=1 1811w, https:\/\/i0.wp.com\/idnf.fr\/wp-content\/uploads\/2024\/06\/MACRONP1-page-0-scaled.jpg?w=1280&amp;ssl=1 1280w\" sizes=\"auto, (max-width: 640px) 100vw, 640px\" \/><\/figure>\n\n\n\n<p class=\"has-black-color has-text-color has-link-color wp-elements-037754e4b5fde481656d9a5342595c7d\">En introduction de cette th\u00e9matique, nous revenons, un brin taquin reconnaissons le, sur les promesses du candidat Macron lors des \u00e9lections pr\u00e9sidentielles 2017. Nous en profitons pour lancer cette mise en garde \u00e0 vous, amis \u00e9lecteurs : \u00ab\u00a0les promesses n&rsquo;engagent que ceux qui les re\u00e7oivent.\u00a0\u00bb(dixit super-menteur J. Chirac).<\/p>\n\n\n\n<p class=\"has-black-color has-text-color has-link-color wp-elements-144b31442e645708940ddea4eb3488e3\">Le programme d&rsquo;EM de 2017 d\u00e9clinait six chantiers afin de \u00ab\u00a0retrouver notre esprit de conqu\u00eate pour b\u00e2tir une France nouvelle\u00a0\u00bb (dixit bonimenteur Macron) :<\/p>\n\n\n\n<p class=\"has-black-color has-text-color has-link-color wp-elements-1393c0cae556a3960eea0aee8f1a34af\"><strong>1ER CHANTIER : EDUCATION ET CULTURE<\/strong><\/p>\n\n\n\n<p class=\"has-black-color has-text-color has-link-color wp-elements-08c773d94f8affc3190a96d04a0db2b3\"><strong>Objectif :<\/strong> coh\u00e9sion nationale<\/p>\n\n\n\n<p class=\"has-black-color has-text-color has-link-color wp-elements-399f8a6c79f0ad5647a305cf0047a42d\"><strong>Moyens : <\/strong>remettre la transmission des savoirs fondamentaux , de notre culture au coeur du projet de nos \u00e9coles<\/p>\n\n\n\n<p class=\"has-black-color has-text-color has-link-color wp-elements-617c4596166f895a0225a17a2f818e2c\"><strong>R\u00e9sultat : <\/strong>Chute historique des math\u00e9matiques entre 2018 et 2023 (selon PISA). 26\u00e8me en math, 29\u00e8me en compr\u00e9hension \u00e9crite. Si les connaissances sont au point mort, l&rsquo;entr\u00e9e du wokisme dans nos \u00e9coles et universit\u00e9s, des manuels apprenant la sexualit\u00e9 \u00e0 des gamins de 3 ans connaissent un franc succ\u00e8s. C&rsquo;\u00e9tait donc \u00e7a la transmission des savoirs fondamentaux.<\/p>\n\n\n\n<p class=\"has-black-color has-text-color has-link-color wp-elements-10bf85a77e553bc997a11220071fcc08\"><strong>2EME CHANTIER : LA SOCIETE DU TRAVAIL<\/strong><\/p>\n\n\n\n<p class=\"has-black-color has-text-color has-link-color wp-elements-4a09dda8d8151df2fcc073051c6af921\"><strong>Objectif :<\/strong> cr\u00e9er des emplois, prot\u00e9ger chacun et am\u00e9liorer le pouvoir d&rsquo;achat<\/p>\n\n\n\n<p class=\"has-black-color has-text-color has-link-color wp-elements-29494a848135379a1207b2255ab0561f\"><strong>Moyens :<\/strong> simplification du droit, r\u00e9forme de l&rsquo;assurance ch\u00f4mage, plan pour la formation et la qualification des plus fragiles.<\/p>\n\n\n\n<p class=\"has-black-color has-text-color has-link-color wp-elements-5883c64bfb3e75a668ce4e1934d0bb5c\"><strong>R\u00e9sultat :<\/strong> baisse du taux de ch\u00f4mage mais par radiation massive de ch\u00f4meurs. Il voulait un droit universel du ch\u00f4mage : il a r\u00e9duit drastiquement les conditions d&rsquo;acc\u00e8s et la dur\u00e9e du ch\u00f4mage. Quant au pouvoir d&rsquo;achat, les primes Macron, mesure phare, pr\u00e9sentent un bilan mitig\u00e9 pour un montant moyen tr\u00e8s mod\u00e9r\u00e9 (506 euros en 2022). Et oui pour reverser de la valeur, encore faut il que l&rsquo;entreprise en cr\u00e9\u00e9e ce qui est de moins en moins le cas. Pire, la pr\u00e9carit\u00e9 et les in\u00e9galit\u00e9s sont en forte hausse.<\/p>\n\n\n\n<p class=\"has-black-color has-text-color has-link-color wp-elements-1440ce370a309c8bd436e8830a045467\"><strong>3EME CHANTIER : MODERNISATION DE NOTRE ECONOMIE<\/strong><\/p>\n\n\n\n<p class=\"has-black-color has-text-color has-link-color wp-elements-d03810ef6344243385523a0894f7df81\"><strong>Objectif :<\/strong> \u00e9mergence d&rsquo;un nouveau mod\u00e8le de croissance<\/p>\n\n\n\n<p class=\"has-black-color has-text-color has-link-color wp-elements-819b1d83c1ccf83f12922e0fe2a1d430\"><strong>Moyens :<\/strong> transition \u00e9cologique, industrie du futur, agriculture de demain, lib\u00e9rer la soci\u00e9t\u00e9 de ces carcans et des blocages<\/p>\n\n\n\n<p class=\"has-black-color has-text-color has-link-color wp-elements-606aaa0518a669d725f42b7db94efbfe\"><strong>R\u00e9sultat :<\/strong> Jamais notre \u00e9conomie n&rsquo;a paru aussi faible, fragilis\u00e9e. La transition \u00e9cologique s&rsquo;est accompagn\u00e9e de normes nombreuses, complexes et incomprises venant scl\u00e9roser un peu plus notre pays. L&rsquo;industrie du futur incarn\u00e9e par les licornes est en marche mais non rentable malgr\u00e9 l&rsquo;importance des aides et subventions publiques. Le \u00ab\u00a0choose france\u00a0\u00bb est acclam\u00e9 tel un succ\u00e8s mais les 15 milliards d&rsquo;investissements r\u00e9alis\u00e9s le sont par des structures \u00e9trang\u00e8res dont la condition pr\u00e9alable \u00e0 leur installation est l&rsquo;obtention de g\u00e9n\u00e9reuses aides publiques qui, une fois vers\u00e9es, les incitent \u00e0 d\u00e9localiser. M. Lemaire nous a mis \u00e0 genoux.<\/p>\n\n\n\n<p class=\"has-black-color has-text-color has-link-color wp-elements-e8deefcbbc889a20445b8213f016ea47\"><strong>4EME CHANTIER : RENFORCER LA SECURITE DE LA NATION<\/strong><\/p>\n\n\n\n<p class=\"has-black-color has-text-color has-link-color wp-elements-cd1bf2262d30d59bf7a511e8fdb98846\"><strong>Objectif :<\/strong> assurer la s\u00e9curit\u00e9 int\u00e9rieure et \u00e0 l&rsquo;international<\/p>\n\n\n\n<p class=\"has-black-color has-text-color has-link-color wp-elements-0366495e089b5f41dee4a5d5023c1abb\"><strong>Moyens :<\/strong> strat\u00e9gie de maintien de la paix \u00e0 l&rsquo;international et lutte contre le terrorisme, faire respecter la la\u00efcit\u00e9, restaurer l&rsquo;autorit\u00e9 de l&rsquo;Etat, garantir l&rsquo;ind\u00e9pendance de l&rsquo;autorit\u00e9 judiciaire<\/p>\n\n\n\n<p class=\"has-black-color has-text-color has-link-color wp-elements-9ddda84dbd533c864f3063b56fbadcfe\"><strong>R\u00e9sultat :<\/strong> La position de la France est affaiblie \u00e0 l&rsquo;international. La mise \u00e0 mal de notre corps diplomatique , des erreurs de jugement sur la situation internationale ont conduit \u00e0 la d\u00e9cr\u00e9dibilisation de notre pays : le conflit Russie-Ukraine en est un exemple. Quant \u00e0 la s\u00e9curit\u00e9 int\u00e9rieure, les banlieues doivent encore rigoler de cette \u00ab\u00a0autorit\u00e9\u00a0\u00bb sur laquelle ils s&rsquo;assoient tous les jours en exer\u00e7ant leurs petits trafics sans inqui\u00e9tude aucune. Rod\u00e9os urbains, incivilit\u00e9s croissantes, chocs des cultures menant \u00e0 l&rsquo;incompr\u00e9hension entre les populations, la soci\u00e9t\u00e9 fran\u00e7aise est profond\u00e9ment divis\u00e9e. Quant \u00e0 la la\u00efcit\u00e9, il n&rsquo;est pas certain que la vague migratoire actuelle ait une quelconque id\u00e9e de ce machin.<\/p>\n\n\n\n<p class=\"has-black-color has-text-color has-link-color wp-elements-b7c70da1f959cea2ed6c29d6df8f70c3\"><strong>5EME CHANTIER : RENOUVEAU DEMOCRATIQUE<\/strong><\/p>\n\n\n\n<p class=\"has-black-color has-text-color has-link-color wp-elements-23110100195f971b90f27ad4f493a692\"><strong>Objectif :<\/strong> Moraliser et responsabiliser la vie publique<\/p>\n\n\n\n<p class=\"has-black-color has-text-color has-link-color wp-elements-e0ef986691092f29903b5318e09d9977\"><strong>Moyens <\/strong>: ?<\/p>\n\n\n\n<p class=\"has-black-color has-text-color has-link-color wp-elements-a892cd2905617a44f590c578832589fd\"><strong>R\u00e9sultat : <\/strong>Certainement le chantier dans lequel l&rsquo;\u00e9tendue du pouvoir jupit\u00e9rien de notre gaudillo a pu donner toute sa mesure. Crise des gilets jaunes, crise des retraites r\u00e9gl\u00e9e \u00e0 coup de 49.3, escamotage de la repr\u00e9sentation parlementaire&#8230; Bref, toute la panoplie de mesures utilis\u00e9es habituellement par les dictateurs en herbe. L\u00e0 aussi, jamais la repr\u00e9sentation nationale n&rsquo;a \u00e9t\u00e9 autant d\u00e9cri\u00e9e<\/p>\n\n\n\n<p class=\"has-black-color has-text-color has-link-color wp-elements-27d8325459d76d8c1e6007a720c5fdd5\"><strong>6EME CHANTIER : DEFENSE DU PAYS A L INTERNATIONAL<\/strong><\/p>\n\n\n\n<p class=\"has-black-color has-text-color has-link-color wp-elements-883ddbe643364ba85c9fc0a8b8eb905d\"><strong>Objectif :<\/strong> relancer une Europe ambitieuse et assurer une nouvelle politique africaine<\/p>\n\n\n\n<p class=\"has-black-color has-text-color has-link-color wp-elements-2a91c00d3de12a3771ce938e95374d26\"><strong>Moyens :<\/strong> ?<\/p>\n\n\n\n<p class=\"has-black-color has-text-color has-link-color wp-elements-67ad46c9028f585aa4f1fa82ada20269\"><strong>R\u00e9sultat :<\/strong> Il a \u00e9t\u00e9 demand\u00e9 poliment \u00e0 la France de faire ses valises et partir gentiment d&rsquo;Afrique apr\u00e8s plus d&rsquo;un si\u00e8cle de construction culturelle et civilisationnelle commune. Vir\u00e9e par la Russie et la Chine, la France a perdu sa chasse gard\u00e9e dans l&rsquo;indiff\u00e9rence coupable de nos \u00ab\u00a0jeunes d\u00e9cideurs de demain\u00a0\u00bb. Quant \u00e0 notre position au sein de l&rsquo;Europe, notre situation budg\u00e9taire d\u00e9sastreuse scelle notre ind\u00e9pendance tandis que les coups de menton r\u00e9p\u00e9t\u00e9s d&rsquo;un EM donneur de le\u00e7on aux autres partenaires n&rsquo;amusent plus la galerie.<\/p>\n\n\n\n<p class=\"has-black-color has-text-color has-link-color wp-elements-44770a9114e34b95f426502cbca882ee\">Voil\u00e0 en quelques mots un premier bilan de promesses \u00e9lectorales d&rsquo;un programme dont on nous disait qu&rsquo;il avait \u00e9t\u00e9 construit avec plus de \u00ab\u00a030 000 Fran\u00e7ais et Fran\u00e7aises au cours de 3000 ateliers de nos comit\u00e9s locaux\u00a0\u00bb. D\u00e9j\u00e0 une fa\u00e7on de sugg\u00e9rer que la responsabilit\u00e9 de nos gouvernants n&rsquo;est pas engag\u00e9e&#8230; Sans comptes 500 experts et cerise sur le g\u00e2teau, cette phrase qui r\u00e9sume \u00e0 elle seule le vide la pens\u00e9e macronienne : \u00ab\u00a0ce programme a un objectif principal : qu&rsquo;\u00e0 la fin du quinquennat, chacun ma\u00eetrise son destin et que nous vivions tous mieux ensemble.\u00a0\u00bb<\/p>\n\n\n\n<p class=\"has-black-color has-text-color has-link-color wp-elements-92f96999f87033fbaa03f25caf21f02d\">Dur, dur&#8230;<\/p>\n\n\n\n<p class=\"has-black-color has-text-color has-link-color wp-elements-b8b5fcb53bf6ac0948e5540fd3fcd759\"><strong>Amiti\u00e9s patriotes<\/strong><\/p>\n\n\n\n<p class=\"has-black-color has-text-color has-link-color wp-elements-a7cf9a9e3ad7d7890d1de0b5c301df53\"><strong>P.MAGNERON<\/strong><\/p>\n\n\n\n<p><\/p>\n\n\n\n<p><\/p>\n","protected":false},"excerpt":{"rendered":"<p>Nous vous proposons cette semaine notre d\u00e9cryptage des programmes \u00e9lectoraux pr\u00e9sent\u00e9s par les principaux partis&#8230;<\/p>\n","protected":false},"author":2,"featured_media":3273,"comment_status":"open","ping_status":"open","sticky":false,"template":"","format":"standard","meta":{"_EventAllDay":false,"_EventTimezone":"","_EventStartDate":"","_EventEndDate":"","_EventStartDateUTC":"","_EventEndDateUTC":"","_EventShowMap":false,"_EventShowMapLink":false,"_EventURL":"","_EventCost":"","_EventCostDescription":"","_EventCurrencySymbol":"","_EventCurrencyCode":"","_EventCurrencyPosition":"","_EventDateTimeSeparator":"","_EventTimeRangeSeparator":"","_EventOrganizerID":[],"_EventVenueID":[],"_OrganizerEmail":"","_OrganizerPhone":"","_OrganizerWebsite":"","_VenueAddress":"","_VenueCity":"","_VenueCountry":"","_VenueProvince":"","_VenueState":"","_VenueZip":"","_VenuePhone":"","_VenueURL":"","_VenueStateProvince":"","_VenueLat":"","_VenueLng":"","_VenueShowMap":false,"_VenueShowMapLink":false,"jetpack_post_was_ever_published":false,"_jetpack_newsletter_access":"","_jetpack_dont_email_post_to_subs":false,"_jetpack_newsletter_tier_id":0,"_jetpack_memberships_contains_paywalled_content":false,"_jetpack_memberships_contains_paid_content":false,"footnotes":"","jetpack_publicize_message":"","jetpack_publicize_feature_enabled":true,"jetpack_social_post_already_shared":true,"jetpack_social_options":{"image_generator_settings":{"template":"highway","default_image_id":0,"font":"","enabled":false},"version":2}},"categories":[33,23,11,26,25,24],"tags":[],"class_list":["post-3270","post","type-post","status-publish","format-standard","has-post-thumbnail","hentry","category-articles","category-economie","category-editorial","category-international","category-politique","category-social"],"jetpack_publicize_connections":[],"jetpack_featured_media_url":"https:\/\/i0.wp.com\/idnf.fr\/wp-content\/uploads\/2024\/06\/MACRONP1-page-0-scaled.jpg?fit=1811%2C2560&ssl=1","jetpack_sharing_enabled":true,"_links":{"self":[{"href":"https:\/\/idnf.fr\/index.php?rest_route=\/wp\/v2\/posts\/3270","targetHints":{"allow":["GET"]}}],"collection":[{"href":"https:\/\/idnf.fr\/index.php?rest_route=\/wp\/v2\/posts"}],"about":[{"href":"https:\/\/idnf.fr\/index.php?rest_route=\/wp\/v2\/types\/post"}],"author":[{"embeddable":true,"href":"https:\/\/idnf.fr\/index.php?rest_route=\/wp\/v2\/users\/2"}],"replies":[{"embeddable":true,"href":"https:\/\/idnf.fr\/index.php?rest_route=%2Fwp%2Fv2%2Fcomments&post=3270"}],"version-history":[{"count":4,"href":"https:\/\/idnf.fr\/index.php?rest_route=\/wp\/v2\/posts\/3270\/revisions"}],"predecessor-version":[{"id":3276,"href":"https:\/\/idnf.fr\/index.php?rest_route=\/wp\/v2\/posts\/3270\/revisions\/3276"}],"wp:featuredmedia":[{"embeddable":true,"href":"https:\/\/idnf.fr\/index.php?rest_route=\/wp\/v2\/media\/3273"}],"wp:attachment":[{"href":"https:\/\/idnf.fr\/index.php?rest_route=%2Fwp%2Fv2%2Fmedia&parent=3270"}],"wp:term":[{"taxonomy":"category","embeddable":true,"href":"https:\/\/idnf.fr\/index.php?rest_route=%2Fwp%2Fv2%2Fcategories&post=3270"},{"taxonomy":"post_tag","embeddable":true,"href":"https:\/\/idnf.fr\/index.php?rest_route=%2Fwp%2Fv2%2Ftags&post=3270"}],"curies":[{"name":"wp","href":"https:\/\/api.w.org\/{rel}","templated":true}]}}