{"id":4056,"date":"2025-02-01T10:56:50","date_gmt":"2025-02-01T09:56:50","guid":{"rendered":"https:\/\/idnf.fr\/?p=4056"},"modified":"2025-02-01T10:56:52","modified_gmt":"2025-02-01T09:56:52","slug":"bruno-le-maire-a-bercy-un-homme-si-secret","status":"publish","type":"post","link":"https:\/\/idnf.fr\/?p=4056","title":{"rendered":"Bruno Le Maire \u00e0 Bercy : un homme si secret&#8230;"},"content":{"rendered":"\n<p class=\"has-black-color has-text-color has-link-color has-medium-font-size wp-elements-a38b01447831b4fd70d0b8f45011ec0a\">Dans le cadre de l&rsquo;instruction men\u00e9e par la Commission d&rsquo;enqu\u00eate sur le d\u00e9ficit public, un ensemble de notes et documents provenant du Minist\u00e8re de l&rsquo;\u00e9conomie a \u00e9t\u00e9 transmis aux D\u00e9put\u00e9s et a pu \u00eatre consult\u00e9 par les journalistes.<\/p>\n\n\n\n<p class=\"has-black-color has-text-color has-link-color has-medium-font-size wp-elements-c76e0848df20fd2331b5ceaa47ee0c50\">Si l&rsquo;on pouvait se douter de quelques incoh\u00e9rences entre le discours officiel de Bruno et ses affid\u00e9s et la r\u00e9alit\u00e9 du terrain, nous ne pouvons que sourire am\u00e8rement aux cons\u00e9quences pour notre \u00e9conomie, actuelles et futures, que l&rsquo;absence de courage et de conviction du grand argentier d\u00e9guingand\u00e9 a entra\u00een\u00e9 pour l&rsquo;ensemble de nos concitoyens.<\/p>\n\n\n\n<figure class=\"wp-block-image aligncenter size-full\"><img data-recalc-dims=\"1\" loading=\"lazy\" decoding=\"async\" width=\"150\" height=\"181\" src=\"https:\/\/i0.wp.com\/idnf.fr\/wp-content\/uploads\/2024\/03\/Lemaire.jpeg?resize=150%2C181&#038;ssl=1\" alt=\"\" class=\"wp-image-2586\"\/><figcaption class=\"wp-element-caption\">Tintin au pays des chiffres<\/figcaption><\/figure>\n\n\n\n<p class=\"has-black-color has-text-color has-link-color has-medium-font-size wp-elements-2c63bbe20b8f7068272a745c360eb506\">Pourquoi sourire me direz vous quand ce sont bien les Fran\u00e7ais, le peuple fran\u00e7ais qui devra assumer les errements d&rsquo;une politique men\u00e9e depuis sept ans par un homme arrogant, menteur et d\u00e9connect\u00e9 du monde r\u00e9el ? La trag\u00e9die est l\u00e0. Ne manque plus que l&rsquo;exodos de cette mauvaise pi\u00e8ce de th\u00e9\u00e2tre jou\u00e9e par des amateurs et compos\u00e9e par un \u00ab\u00a0Mozart\u00a0\u00bb sans talent.<\/p>\n\n\n\n<p class=\"has-black-color has-text-color has-link-color has-medium-font-size wp-elements-486e66a0f02e7b9708386cb9ef8246d4\">Sourire oui car les d\u00e9clarations \u00e0 l&#8217;emporte-pi\u00e8ce de notre Bruno national esp\u00e9rant justifier l&rsquo;injustifiable pourraient friser la na\u00efvet\u00e9 et l&rsquo;incomp\u00e9tence &#8211; et donc l&rsquo;exon\u00e9rer d&rsquo;une quelconque faute professionnelle &#8211; si  les notes de base de page dont il \u00e9tait coutumier ne venaient remettre en cause ce fameux discours officiel : \u00ab\u00a0Nous ne savions rien. Nous avons subi. Nous n&rsquo;y sommes pour rien.\u00a0\u00bb<\/p>\n\n\n\n<p class=\"has-black-color has-text-color has-link-color has-medium-font-size wp-elements-01aa5f58f553b1c64ea6614db382bddb\">Les notes secr\u00e8tes exhum\u00e9es \u00e0 l&rsquo;occasion des travaux men\u00e9s par la Commission d&rsquo;enqu\u00eate sur le d\u00e9rapage des d\u00e9ficits publics par l&rsquo;Assembl\u00e9e nationale ne laisse aucun doute : \u00ab\u00a0Ils savaient tout. Ils ont encha\u00een\u00e9 les mauvaises d\u00e9cisions. Ils sont responsables.\u00a0\u00bb<\/p>\n\n\n\n<p class=\"has-black-color has-text-color has-link-color has-medium-font-size wp-elements-b70ef5cebbbb02b8dd7e2060a37da60f\">Jugez plut\u00f4t : en novembre 2022 sur la mauvaise \u00e9volution des prix de l&rsquo;\u00e9nergie : <em>\u00ab<\/em>\u00a0<em>Nous sommes en risque sur notre trajectoire budg\u00e9taire, nous devons r\u00e9agir rapidement.<\/em>\u00a0<em>\u00bb<\/em> deux mois plus tard \u00e0 l&rsquo;attention de Matignon : <em>\u00ab<\/em>\u00a0<em>Nous ne pouvons pas continuer \u00e0 subir, semaine apr\u00e8s semaine, des annonces minist\u00e9rielles de d\u00e9penses suppl\u00e9mentaires qui ne sont ni pr\u00e9vues, ni document\u00e9es, ni valid\u00e9es.<\/em>\u00a0<em>\u00bb<\/em> Ou encore <em>\u00ab<\/em>\u00a0<em>Il est indispensable que le minist\u00e8re du Travail respecte les arbitrages que tu as rendus<\/em>\u00a0<em>\u00bb<\/em><\/p>\n\n\n\n<p class=\"has-black-color has-text-color has-link-color has-medium-font-size wp-elements-0f0230c11431342da1f67c7d297f301c\">Alors oui, ils ont ouvert en grand le carnet de ch\u00e8ques depuis sept ans, sans aucune retenue.. Alors oui, Bercy a alert\u00e9. Du bout des l\u00e8vres.<\/p>\n\n\n\n<p class=\"has-black-color has-text-color has-link-color has-medium-font-size wp-elements-aa3c2a1ba74cd96cb19fea9ea94feab8\">Oui Bercy sentait le mur de l&rsquo;explosion des d\u00e9ficits approch\u00e9 \u00e0 grande vitesse.<\/p>\n\n\n\n<p class=\"has-black-color has-text-color has-link-color has-medium-font-size wp-elements-167fe96ed891e48ab5ac644f27659223\">Oui, les diff\u00e9rents minist\u00e8res (Travail, Int\u00e9rieur) concern\u00e9s par ces d\u00e9rives ont largement ignor\u00e9 les coups de semonce. Et encha\u00een\u00e9 les d\u00e9clarations aux media de nouveaux d\u00e9blocages de fonds pourtant non valid\u00e9s par Bercy. Ils ont us\u00e9 de cette bonne vieille ficelle consistant \u00e0 mettre Premier ministre, Bercy et consorts devant le fait accompli sans se soucier le moins du monde des cons\u00e9quences pour les g\u00e9n\u00e9ration futures. La strat\u00e9gie de l&rsquo;\u00e9vitement dans toute sa splendeur !<\/p>\n\n\n\n<p class=\"has-black-color has-text-color has-link-color has-medium-font-size wp-elements-97f942aaa4dd9ef82a7d50e1239cc657\">Que ne ferait on pas pour garder son maroquin et laisser son nom dans l&rsquo;histoire ! Avec un petit \u00ab\u00a0h\u00a0\u00bb car celle-l\u00e0 n&rsquo;est pas belle du tout et nous en mesurons cruellement les cons\u00e9quences aujourd&rsquo;hui avec un nombre record de d\u00e9faillances d&rsquo;entreprises (plus de 70\u00a0000 en 2024 et ce n&rsquo;est pas fini), un taux de ch\u00f4mage qui devait \u00eatre contenu et qui part \u00e0 la hausse bien corr\u00e9l\u00e9 en cela avec les dites liquidations judiciaires, un endettement public ind\u00e9cent (gr\u00e2ce \u00e0 Monsieur mille milliards&#8230;) mais un endettement priv\u00e9 non moins abyssal puisqu&rsquo;il repr\u00e9sente aujourd&rsquo;hui plus de 260 % du PIB !<\/p>\n\n\n\n<p class=\"has-black-color has-text-color has-link-color has-medium-font-size wp-elements-dcd425cac11ad30770fbacb8a3f787d5\">Nous devions mettre l&rsquo;\u00e9conomie russe \u00e0 genoux !<\/p>\n\n\n\n<p class=\"has-black-color has-text-color has-link-color has-medium-font-size wp-elements-f9cd46091b246898edd279f7af410593\">Et ils savaient. Ils savaient que la trajectoire de nos comptes publics \u00e9tait d\u00e9sastreuse. Et comme des Fr\u00e8res, ils se sont serr\u00e9s les coudes pour mettre la poussi\u00e8re sous le tapis, partir en catimini dans le priv\u00e9 et faire fructifier leur carnet d&rsquo;adresse bien mal acquis et comme un Cl\u00e9ment Beaune, nouvellement \u00e9crivain d&rsquo;un torchon, se d\u00e9responsabiliser, se d\u00e9douaner, pour mieux \u00e9chapper \u00e0 la col\u00e8re des Francais (qui viendra, soyez en s\u00fbr) en essayant de nous convaincre de leur jeunesse et ses d\u00e9fauts, de leurs actions maladroites, de leur honn\u00eatet\u00e9 (!) intellectuelle. Ah elle est belle la fameuse soci\u00e9t\u00e9 civile au pouvoir !<\/p>\n\n\n\n<p class=\"has-black-color has-text-color has-link-color has-medium-font-size wp-elements-9e1fe54125a4550e2e615269d8c6bd82\">L&rsquo;\u00e9vocation d&rsquo;une crise financi\u00e8re, d&rsquo;un risque juridique m\u00eame concernant l&rsquo;insinc\u00e9rit\u00e9 sera balay\u00e9e d&rsquo;un revers de main par le saupoudr\u00e9 \u00e9lys\u00e9en et le camp macroniste voyant en Bruno un emp\u00eacheur de tourner en rond :<em>\u00ab<\/em>\u00a0<em>Le discours consistant \u00e0 dire \u201cje suis le seul \u00e0 \u00eatre s\u00e9rieux et personne ne m\u2019\u00e9coute\u201d, alors que c\u2019est son portefeuille depuis sept ans\u2026 On ne parle pas d\u2019un lanceur d\u2019alerte r\u00e9fugi\u00e9 dans une ambassade<\/em>\u00a0<em>!<\/em>\u00a0<em>\u00bb<\/em> Comique&#8230;<\/p>\n\n\n\n<p class=\"has-black-color has-text-color has-link-color has-medium-font-size wp-elements-b81561958bfb78b8dd74f441431147ba\">La d\u00e9mission \u00e9tait pourtant possible, non ? Elle n&rsquo;aurait pas peut-\u00eatre pas frein\u00e9 les ardeurs de cette clique gouvernementale, mais elle aurait sans doute permis de mieux alerter les Fran\u00e7ais sur cet exercice malsain du pouvoir macroniste.<\/p>\n\n\n\n<p class=\"has-black-color has-text-color has-link-color has-medium-font-size wp-elements-f307e6225243abaf6435dce10e9b33b4\">A quand les sanctions ?<\/p>\n\n\n\n<p class=\"has-black-color has-text-color has-link-color has-medium-font-size wp-elements-3eee02a807a2270fe54ee859d36175d2\">Amiti\u00e9s Patriotes<\/p>\n\n\n\n<p class=\"has-black-color has-text-color has-link-color has-medium-font-size wp-elements-50d29254c8a6d87c2b61edddba987772\">P.MAGNERON<\/p>\n\n\n\n<p class=\"has-black-color has-text-color has-link-color has-medium-font-size wp-elements-7ab13b26fe54011c4e54e55cde299184\">INSCRIVEZ VOUS AU COLLOQUE ICI <a href=\"https:\/\/my.weezevent.com\/colloque-idnf-mpc\">https:\/\/my.weezevent.com\/colloque-idnf-mpc<\/a><\/p>\n\n\n\n<p><\/p>\n","protected":false},"excerpt":{"rendered":"<p>Dans le cadre de l&rsquo;instruction men\u00e9e par la Commission d&rsquo;enqu\u00eate sur le d\u00e9ficit public, un&#8230;<\/p>\n","protected":false},"author":2,"featured_media":2586,"comment_status":"open","ping_status":"open","sticky":false,"template":"","format":"standard","meta":{"_EventAllDay":false,"_EventTimezone":"","_EventStartDate":"","_EventEndDate":"","_EventStartDateUTC":"","_EventEndDateUTC":"","_EventShowMap":false,"_EventShowMapLink":false,"_EventURL":"","_EventCost":"","_EventCostDescription":"","_EventCurrencySymbol":"","_EventCurrencyCode":"","_EventCurrencyPosition":"","_EventDateTimeSeparator":"","_EventTimeRangeSeparator":"","_EventOrganizerID":[],"_EventVenueID":[],"_OrganizerEmail":"","_OrganizerPhone":"","_OrganizerWebsite":"","_VenueAddress":"","_VenueCity":"","_VenueCountry":"","_VenueProvince":"","_VenueState":"","_VenueZip":"","_VenuePhone":"","_VenueURL":"","_VenueStateProvince":"","_VenueLat":"","_VenueLng":"","_VenueShowMap":false,"_VenueShowMapLink":false,"jetpack_post_was_ever_published":false,"_jetpack_newsletter_access":"","_jetpack_dont_email_post_to_subs":false,"_jetpack_newsletter_tier_id":0,"_jetpack_memberships_contains_paywalled_content":false,"_jetpack_memberships_contains_paid_content":false,"footnotes":"","jetpack_publicize_message":"","jetpack_publicize_feature_enabled":true,"jetpack_social_post_already_shared":true,"jetpack_social_options":{"image_generator_settings":{"template":"highway","default_image_id":0,"font":"","enabled":false},"version":2}},"categories":[33,23,11,25],"tags":[],"class_list":["post-4056","post","type-post","status-publish","format-standard","has-post-thumbnail","hentry","category-articles","category-economie","category-editorial","category-politique"],"jetpack_publicize_connections":[],"jetpack_featured_media_url":"https:\/\/i0.wp.com\/idnf.fr\/wp-content\/uploads\/2024\/03\/Lemaire.jpeg?fit=150%2C181&ssl=1","jetpack_sharing_enabled":true,"_links":{"self":[{"href":"https:\/\/idnf.fr\/index.php?rest_route=\/wp\/v2\/posts\/4056","targetHints":{"allow":["GET"]}}],"collection":[{"href":"https:\/\/idnf.fr\/index.php?rest_route=\/wp\/v2\/posts"}],"about":[{"href":"https:\/\/idnf.fr\/index.php?rest_route=\/wp\/v2\/types\/post"}],"author":[{"embeddable":true,"href":"https:\/\/idnf.fr\/index.php?rest_route=\/wp\/v2\/users\/2"}],"replies":[{"embeddable":true,"href":"https:\/\/idnf.fr\/index.php?rest_route=%2Fwp%2Fv2%2Fcomments&post=4056"}],"version-history":[{"count":2,"href":"https:\/\/idnf.fr\/index.php?rest_route=\/wp\/v2\/posts\/4056\/revisions"}],"predecessor-version":[{"id":4058,"href":"https:\/\/idnf.fr\/index.php?rest_route=\/wp\/v2\/posts\/4056\/revisions\/4058"}],"wp:featuredmedia":[{"embeddable":true,"href":"https:\/\/idnf.fr\/index.php?rest_route=\/wp\/v2\/media\/2586"}],"wp:attachment":[{"href":"https:\/\/idnf.fr\/index.php?rest_route=%2Fwp%2Fv2%2Fmedia&parent=4056"}],"wp:term":[{"taxonomy":"category","embeddable":true,"href":"https:\/\/idnf.fr\/index.php?rest_route=%2Fwp%2Fv2%2Fcategories&post=4056"},{"taxonomy":"post_tag","embeddable":true,"href":"https:\/\/idnf.fr\/index.php?rest_route=%2Fwp%2Fv2%2Ftags&post=4056"}],"curies":[{"name":"wp","href":"https:\/\/api.w.org\/{rel}","templated":true}]}}