{"id":4154,"date":"2025-03-08T23:42:50","date_gmt":"2025-03-08T22:42:50","guid":{"rendered":"https:\/\/idnf.fr\/?p=4154"},"modified":"2025-03-08T23:45:29","modified_gmt":"2025-03-08T22:45:29","slug":"le-patriotisme-francais-sera-t-il-soluble-dans-le-trumpisme-ou-la-poutine-mania","status":"publish","type":"post","link":"https:\/\/idnf.fr\/?p=4154","title":{"rendered":"LE PATRIOTISME FRANCAIS SERA T-IL SOLUBLE DANS LE TRUMPISME OU LA POUTINE-MANIA ?"},"content":{"rendered":"\n<p class=\"has-black-color has-text-color has-link-color has-medium-font-size wp-elements-9c6a3758d292f683a998f28f182edcf7\">Cette question va certainement en irriter plus d&rsquo;un. Tant mieux. Si l&rsquo;on peut d\u00e9battre sur ce sujet, c&rsquo;est bien, tr\u00e8s bien m\u00eame. La question aurait aussi pu se poser de fa\u00e7on suivante : \u00ab\u00a0Le patriotisme fran\u00e7ais va-t-il se dissoudre dans le trumpisme ou la poutine-mania ? Bizarrement, Xi Jinping n&rsquo;est pas \u00e9voqu\u00e9 quand il s&rsquo;agit de reconnaitre les qualit\u00e9s d&rsquo;un chef, d&rsquo;un guide pour une nation. Trump et Poutine oui. Xin Jinping non. Allez savoir.<\/p>\n\n\n\n<figure class=\"wp-block-image aligncenter size-full\"><img data-recalc-dims=\"1\" loading=\"lazy\" decoding=\"async\" width=\"512\" height=\"512\" src=\"https:\/\/i0.wp.com\/idnf.fr\/wp-content\/uploads\/2024\/05\/cropped-Logo-IDNF-principal-1.png?resize=512%2C512&#038;ssl=1\" alt=\"\" class=\"wp-image-3045\" srcset=\"https:\/\/i0.wp.com\/idnf.fr\/wp-content\/uploads\/2024\/05\/cropped-Logo-IDNF-principal-1.png?w=512&amp;ssl=1 512w, https:\/\/i0.wp.com\/idnf.fr\/wp-content\/uploads\/2024\/05\/cropped-Logo-IDNF-principal-1.png?resize=300%2C300&amp;ssl=1 300w, https:\/\/i0.wp.com\/idnf.fr\/wp-content\/uploads\/2024\/05\/cropped-Logo-IDNF-principal-1.png?resize=150%2C150&amp;ssl=1 150w, https:\/\/i0.wp.com\/idnf.fr\/wp-content\/uploads\/2024\/05\/cropped-Logo-IDNF-principal-1.png?resize=270%2C270&amp;ssl=1 270w, https:\/\/i0.wp.com\/idnf.fr\/wp-content\/uploads\/2024\/05\/cropped-Logo-IDNF-principal-1.png?resize=192%2C192&amp;ssl=1 192w, https:\/\/i0.wp.com\/idnf.fr\/wp-content\/uploads\/2024\/05\/cropped-Logo-IDNF-principal-1.png?resize=180%2C180&amp;ssl=1 180w, https:\/\/i0.wp.com\/idnf.fr\/wp-content\/uploads\/2024\/05\/cropped-Logo-IDNF-principal-1.png?resize=32%2C32&amp;ssl=1 32w\" sizes=\"auto, (max-width: 512px) 100vw, 512px\" \/><\/figure>\n\n\n\n<p class=\"has-black-color has-text-color has-link-color has-medium-font-size wp-elements-35adda4ed17628947129bdeb51a7312b\">Pourquoi poser cette question ? A la lumi\u00e8re de certains commentaires cons\u00e9cutifs \u00e0 des articles que j&rsquo;aurai eu l&rsquo;ind\u00e9licatesse d&rsquo;\u00e9crire, notamment le dernier (que vous pouvez retrouver en cliquant <a href=\"https:\/\/idnf.fr\/?p=4260\">ici<\/a> \u00ab\u00a0DU KO AU CHAOS\u00a0\u00bb) , il m&rsquo;est venu \u00e0 l&rsquo;esprit que les impr\u00e9cisions \u00e9videntes de ma prose, souvent ironique voire caustique je l&rsquo;avoue, \u00e9taient certainement de nature \u00e0 remettre en doute la ligne \u00e9ditoriale du site et surtout \u00e0 contribuer \u00e0 instiller la confusion entre l&rsquo;objectif qu&rsquo;IDNF s&rsquo;est assign\u00e9 et les moyens pour y parvenir.<\/p>\n\n\n\n<p class=\"has-black-color has-text-color has-link-color has-medium-font-size wp-elements-d9391960ad3b25ec777299837783a060\">Cet objectif, quel est-il ? Rien de moins que d\u00e9fendre la souverainet\u00e9 fran\u00e7aise. Sous toute ses formes, pleinement, sans concession, visc\u00e9ralement. Notre pays est en d\u00e9clin. Les causes sont connues de tous. Et le rem\u00e8de aussi : recouvrer notre souverainet\u00e9 que l&rsquo;Union Europ\u00e9enne nous a \u00f4t\u00e9 avec la complicit\u00e9 d&rsquo;une partie de la classe politique. Pour cela, nous abordons diff\u00e9rentes th\u00e9matiques montrant \u00e0 quel point la d\u00e9liquescence du pays est avanc\u00e9e : \u00e9conomie, social, sant\u00e9, \u00e9ducation, s\u00e9curit\u00e9, soci\u00e9tal, politique&#8230;<\/p>\n\n\n\n<p class=\"has-black-color has-text-color has-link-color has-medium-font-size wp-elements-4e36755e4a7377c9d1780fd8fe1cc299\">Mais il n&rsquo;est de souverainet\u00e9 de la Nation que si chacun des individus la constituant se consid\u00e8re, libre, ind\u00e9pendant, ma\u00eetre de ses d\u00e9cisions, toutes orient\u00e9es vers la d\u00e9fense du Bien Commun et la d\u00e9fense de la Patrie. Pour que cette derni\u00e8re redevienne souveraine, il faudra bien que chacun d&rsquo;entre nous redevienne ind\u00e9pendant pour ne pas dire ind\u00e9pendantiste&#8230;<\/p>\n\n\n\n<p class=\"has-black-color has-text-color has-link-color has-medium-font-size wp-elements-3f6758470b169e18815b60a36acb012e\">Par voie de cons\u00e9quence, le peuple d&rsquo;une Nation souveraine est patriote. Au sens litt\u00e9ral du terme. Ce patriotisme implique l&rsquo;amour de la Nation sans lequel il est vid\u00e9 de sa substance. Cet amour, beau, sain est porteur des valeurs morales les plus fortes, celles qui cimentent durablement une Soci\u00e9t\u00e9. Et il n&rsquo;y rien de honteux \u00e0 se proclamer patriote, \u00e0 aimer le drapeau, chanter l&rsquo;hymne national et d\u00e9fendre noblement son identit\u00e9 culturelle.<\/p>\n\n\n\n<p class=\"has-black-color has-text-color has-link-color has-medium-font-size wp-elements-e0a34b3f0a170fac19ff80392f922e8f\"><em>\u00ab\u00a0Le <strong>patriotisme<\/strong>, c&rsquo;est aimer son pays. Le nationalisme, c&rsquo;est d\u00e9tester celui des autres.\u00a0\u00bb<\/em> aurait prononc\u00e9 le G\u00e9n\u00e9ral de Gaulle. Une autre fa\u00e7on de consid\u00e9rer que le respect de soi-m\u00eame passe par celui d&rsquo;autrui. On n&rsquo;aime pas au d\u00e9triment des autres.<\/p>\n\n\n\n<p class=\"has-black-color has-text-color has-link-color has-medium-font-size wp-elements-e549ee47a86634f3a602b5a1c993e5a3\">Devant l&rsquo;agitation politique internationale qui nous secoue depuis le d\u00e9but du conflit en Ukraine, tout le monde y va de son petit commentaire, et prend position. Les pro-zelensky s&rsquo;\u00e9charpent avec les pro-poutine qui menacent les pro-ursula  qui n\u00e9gocient avec les pro-biden, pardon les pro-trump etc etc&#8230; Choisissez votre champion.<\/p>\n\n\n\n<p class=\"has-black-color has-text-color has-link-color has-medium-font-size wp-elements-4554f54e3715353521882e74d6f63a28\">Il est \u00e0 craindre que dans ce brouhaha savamment orchestr\u00e9 par nos media, la tentation d&rsquo;une \u00e9ni\u00e8me manipulation \u00e9lys\u00e9enne, \u00e0 l&rsquo;instar de ce que nous avons connu pendant la p\u00e9riode COVID, ne voit le jour. Depuis maintenant deux ans, notre Mozart de la finance mais aussi de l&rsquo;illusion est \u00e0 la manoeuvre et compose une petite musique visant une fois de plus \u00e0 endormir la population.  <\/p>\n\n\n\n<p class=\"has-black-color has-text-color has-link-color has-medium-font-size wp-elements-2f498ae38f96366261f1ffce64e9e671\">Le va t-en guerre jupit\u00e9rien veut faire la guerre. Quoi qu&rsquo;il en co\u00fbte. Avec de l&rsquo;argent qu&rsquo;il n&rsquo;a pas mais peu importe. Avec des soldats qu&rsquo;il n&rsquo;a pas mais peu importe. Avec des alli\u00e9s qu&rsquo;il n&rsquo;a pas mais peu importe. <\/p>\n\n\n\n<p class=\"has-black-color has-text-color has-link-color has-medium-font-size wp-elements-b4eab8420ca685b20b54534d2dcc40d2\">Pour l&rsquo;instant, la paix est encore l\u00e0 en Europe et dans ce contexte, les patriotes, les vrais, sont les seuls aujourd&rsquo;hui \u00e0 demander la paix. Ces patriotes sont aussi les seuls \u00e0 regretter l&rsquo;absence d&rsquo;un Poutine ou d&rsquo;un Trump en France pour diriger le pays, \u00e0 louer leurs qualit\u00e9s de meneur d&rsquo;hommes, \u00e0 envier la vision qu&rsquo;ils portent pour leur pays. Il est vrai que de ce point de vue, nous sommes bien orphelins et pour tous ceux qui croient encore \u00e0 la notion de patrie et de souverainet\u00e9, le fond\u00e9 de pouvoir de Rotschild incarne l&rsquo;ennemi int\u00e9rieur tant il s&rsquo;est acharn\u00e9 \u00e0 d\u00e9truire notre pays depuis 2017.<\/p>\n\n\n\n<p class=\"has-black-color has-text-color has-link-color has-medium-font-size wp-elements-0ea82d946d6da723772e1d0a121c6672\">Mais est-ce pour autant une raison valable, suffisante pour se d\u00e9clamer pro-Trump ou pro-Poutine lorsque l&rsquo;on est profond\u00e9ment patriote fran\u00e7ais ? Jusqu&rsquo;o\u00f9 peut aller cette idol\u00e2trie sans qu&rsquo;elle ne vienne  remettre en question l&rsquo;engagement pour la d\u00e9fense de la Nation ?<\/p>\n\n\n\n<p class=\"has-black-color has-text-color has-link-color has-medium-font-size wp-elements-8461d25f1ef010c9816e58db9f07c9da\">Que les deux chefs d&rsquo;Etats russe et am\u00e9ricain fassent ce pour quoi leur peuple les a \u00e9lus, rien de plus normal. Ils aiment leur pays et s&rsquo;appliquent \u00e0 d\u00e9fendre ses int\u00e9r\u00eats.<\/p>\n\n\n\n<p class=\"has-black-color has-text-color has-link-color has-medium-font-size wp-elements-e022debb156817c67e44711205eb0049\">Doit-on pour autant accepter leurs ing\u00e9rences au risque de trahir nos propres convictions ? Faut-il que nous ayons \u00e0 choisir un ma\u00eetre ?<\/p>\n\n\n\n<p class=\"has-black-color has-text-color has-link-color has-medium-font-size wp-elements-88c576ef11e271a409b565cda4ddcf4d\">Pour IDNF, ce sera toujours la France d&rsquo;abord.<\/p>\n\n\n\n<p class=\"has-black-color has-text-color has-link-color has-medium-font-size wp-elements-67e923d72e5c9574d49709ea861cfbf4\"><strong>Amiti\u00e9s patriotes<\/strong><\/p>\n\n\n\n<p class=\"has-black-color has-text-color has-link-color has-medium-font-size wp-elements-a31a71def86ca62967d2ed8ae73a05ef\"><strong>P.MAGNERON<\/strong><\/p>\n","protected":false},"excerpt":{"rendered":"<p>Cette question va certainement en irriter plus d&rsquo;un. Tant mieux. Si l&rsquo;on peut d\u00e9battre sur&#8230;<\/p>\n","protected":false},"author":2,"featured_media":1818,"comment_status":"open","ping_status":"open","sticky":false,"template":"","format":"standard","meta":{"_EventAllDay":false,"_EventTimezone":"","_EventStartDate":"","_EventEndDate":"","_EventStartDateUTC":"","_EventEndDateUTC":"","_EventShowMap":false,"_EventShowMapLink":false,"_EventURL":"","_EventCost":"","_EventCostDescription":"","_EventCurrencySymbol":"","_EventCurrencyCode":"","_EventCurrencyPosition":"","_EventDateTimeSeparator":"","_EventTimeRangeSeparator":"","_EventOrganizerID":[],"_EventVenueID":[],"_OrganizerEmail":"","_OrganizerPhone":"","_OrganizerWebsite":"","_VenueAddress":"","_VenueCity":"","_VenueCountry":"","_VenueProvince":"","_VenueState":"","_VenueZip":"","_VenuePhone":"","_VenueURL":"","_VenueStateProvince":"","_VenueLat":"","_VenueLng":"","_VenueShowMap":false,"_VenueShowMapLink":false,"jetpack_post_was_ever_published":false,"_jetpack_newsletter_access":"","_jetpack_dont_email_post_to_subs":false,"_jetpack_newsletter_tier_id":0,"_jetpack_memberships_contains_paywalled_content":false,"_jetpack_memberships_contains_paid_content":false,"footnotes":"","jetpack_publicize_message":"","jetpack_publicize_feature_enabled":true,"jetpack_social_post_already_shared":true,"jetpack_social_options":{"image_generator_settings":{"template":"highway","default_image_id":0,"font":"","enabled":false},"version":2}},"categories":[33,11,26,25],"tags":[],"class_list":["post-4154","post","type-post","status-publish","format-standard","has-post-thumbnail","hentry","category-articles","category-editorial","category-international","category-politique"],"jetpack_publicize_connections":[],"jetpack_featured_media_url":"https:\/\/i0.wp.com\/idnf.fr\/wp-content\/uploads\/2024\/01\/drapeau.png?fit=282%2C190&ssl=1","jetpack_sharing_enabled":true,"_links":{"self":[{"href":"https:\/\/idnf.fr\/index.php?rest_route=\/wp\/v2\/posts\/4154","targetHints":{"allow":["GET"]}}],"collection":[{"href":"https:\/\/idnf.fr\/index.php?rest_route=\/wp\/v2\/posts"}],"about":[{"href":"https:\/\/idnf.fr\/index.php?rest_route=\/wp\/v2\/types\/post"}],"author":[{"embeddable":true,"href":"https:\/\/idnf.fr\/index.php?rest_route=\/wp\/v2\/users\/2"}],"replies":[{"embeddable":true,"href":"https:\/\/idnf.fr\/index.php?rest_route=%2Fwp%2Fv2%2Fcomments&post=4154"}],"version-history":[{"count":5,"href":"https:\/\/idnf.fr\/index.php?rest_route=\/wp\/v2\/posts\/4154\/revisions"}],"predecessor-version":[{"id":4309,"href":"https:\/\/idnf.fr\/index.php?rest_route=\/wp\/v2\/posts\/4154\/revisions\/4309"}],"wp:featuredmedia":[{"embeddable":true,"href":"https:\/\/idnf.fr\/index.php?rest_route=\/wp\/v2\/media\/1818"}],"wp:attachment":[{"href":"https:\/\/idnf.fr\/index.php?rest_route=%2Fwp%2Fv2%2Fmedia&parent=4154"}],"wp:term":[{"taxonomy":"category","embeddable":true,"href":"https:\/\/idnf.fr\/index.php?rest_route=%2Fwp%2Fv2%2Fcategories&post=4154"},{"taxonomy":"post_tag","embeddable":true,"href":"https:\/\/idnf.fr\/index.php?rest_route=%2Fwp%2Fv2%2Ftags&post=4154"}],"curies":[{"name":"wp","href":"https:\/\/api.w.org\/{rel}","templated":true}]}}