{"id":418,"date":"2022-05-13T12:22:12","date_gmt":"2022-05-13T10:22:12","guid":{"rendered":"https:\/\/place-armes-idf.fr\/?p=418"},"modified":"2023-03-23T21:28:27","modified_gmt":"2023-03-23T20:28:27","slug":"general-de-richoufftz","status":"publish","type":"post","link":"https:\/\/idnf.fr\/?p=418","title":{"rendered":"G\u00e9n\u00e9ral de RICHOUFFTZ : le d\u00e9litement des banlieues"},"content":{"rendered":"\n<h2 class=\"wp-block-heading\"><\/h2>\n\n\n\n<figure class=\"wp-block-embed is-type-video is-provider-youtube wp-block-embed-youtube wp-embed-aspect-16-9 wp-has-aspect-ratio\"><div class=\"wp-block-embed__wrapper\">\n<iframe loading=\"lazy\" title=\"G\u00e9n\u00e9ral de Richoufftz: le d\u00e9litement des banlieues\" width=\"640\" height=\"360\" src=\"https:\/\/www.youtube.com\/embed\/y0a0ePW0vuM?feature=oembed\" frameborder=\"0\" allow=\"accelerometer; autoplay; clipboard-write; encrypted-media; gyroscope; picture-in-picture; web-share\" referrerpolicy=\"strict-origin-when-cross-origin\" allowfullscreen><\/iframe>\n<\/div><\/figure>\n\n\n\n<p>Le G\u00e9n\u00e9ral de Richoufftz nous raconte son exp\u00e9rience dans les banlieues, au b\u00e9n\u00e9fice de leurs habitants. Pendant plusieurs ann\u00e9es, il s&rsquo;est battu pour les int\u00e9grer \u00e0 la soci\u00e9t\u00e9 fran\u00e7aise. Il est l&rsquo;auteur de plusieurs livres, dont \u00ab\u00a0Avant qu&rsquo;il ne soit trop tard, le manifeste du G\u00e9n\u00e9ral des Banlieues\u00a0\u00bb \u00e9ditions Michel Lafon.<\/p>\n\n\n\n<figure class=\"wp-block-image size-large\"><img data-recalc-dims=\"1\" decoding=\"async\" src=\"https:\/\/i0.wp.com\/www.michel-lafon.fr\/medias\/images\/livres\/Avant_qu_il_ne_soit_trop_tard_poster.png?w=640\" alt=\"\"\/><figcaption class=\"wp-element-caption\"><a href=\"http:\/\/www.michel-lafon.fr\/livre\/2741-Avant_qu_il_ne_soit_trop_tard.html\" target=\"_blank\" rel=\"noreferrer noopener\">Avant qu&rsquo;il ne soit trop tard &#8211; Emmanuel de RICHOUFFTZ<\/a><\/figcaption><\/figure>\n","protected":false},"excerpt":{"rendered":"<p>Le G\u00e9n\u00e9ral de Richoufftz nous raconte son exp\u00e9rience dans les banlieues, au b\u00e9n\u00e9fice de leurs&#8230;<\/p>\n","protected":false},"author":1,"featured_media":0,"comment_status":"open","ping_status":"open","sticky":false,"template":"","format":"standard","meta":{"_EventAllDay":false,"_EventTimezone":"","_EventStartDate":"","_EventEndDate":"","_EventStartDateUTC":"","_EventEndDateUTC":"","_EventShowMap":false,"_EventShowMapLink":false,"_EventURL":"","_EventCost":"","_EventCostDescription":"","_EventCurrencySymbol":"","_EventCurrencyCode":"","_EventCurrencyPosition":"","_EventDateTimeSeparator":"","_EventTimeRangeSeparator":"","_EventOrganizerID":[],"_EventVenueID":[],"_OrganizerEmail":"","_OrganizerPhone":"","_OrganizerWebsite":"","_VenueAddress":"","_VenueCity":"","_VenueCountry":"","_VenueProvince":"","_VenueState":"","_VenueZip":"","_VenuePhone":"","_VenueURL":"","_VenueStateProvince":"","_VenueLat":"","_VenueLng":"","_VenueShowMap":false,"_VenueShowMapLink":false,"jetpack_post_was_ever_published":false,"_jetpack_newsletter_access":"","_jetpack_dont_email_post_to_subs":false,"_jetpack_newsletter_tier_id":0,"_jetpack_memberships_contains_paywalled_content":false,"_jetpack_memberships_contains_paid_content":false,"footnotes":"","jetpack_publicize_message":"","jetpack_publicize_feature_enabled":true,"jetpack_social_post_already_shared":false,"jetpack_social_options":{"image_generator_settings":{"template":"highway","default_image_id":0,"font":"","enabled":false},"version":2}},"categories":[33,15,20],"tags":[],"class_list":["post-418","post","type-post","status-publish","format-standard","hentry","category-articles","category-conferences-debats","category-delitement-de-la-france"],"jetpack_publicize_connections":[],"jetpack_featured_media_url":"","jetpack_sharing_enabled":true,"_links":{"self":[{"href":"https:\/\/idnf.fr\/index.php?rest_route=\/wp\/v2\/posts\/418","targetHints":{"allow":["GET"]}}],"collection":[{"href":"https:\/\/idnf.fr\/index.php?rest_route=\/wp\/v2\/posts"}],"about":[{"href":"https:\/\/idnf.fr\/index.php?rest_route=\/wp\/v2\/types\/post"}],"author":[{"embeddable":true,"href":"https:\/\/idnf.fr\/index.php?rest_route=\/wp\/v2\/users\/1"}],"replies":[{"embeddable":true,"href":"https:\/\/idnf.fr\/index.php?rest_route=%2Fwp%2Fv2%2Fcomments&post=418"}],"version-history":[{"count":3,"href":"https:\/\/idnf.fr\/index.php?rest_route=\/wp\/v2\/posts\/418\/revisions"}],"predecessor-version":[{"id":515,"href":"https:\/\/idnf.fr\/index.php?rest_route=\/wp\/v2\/posts\/418\/revisions\/515"}],"wp:attachment":[{"href":"https:\/\/idnf.fr\/index.php?rest_route=%2Fwp%2Fv2%2Fmedia&parent=418"}],"wp:term":[{"taxonomy":"category","embeddable":true,"href":"https:\/\/idnf.fr\/index.php?rest_route=%2Fwp%2Fv2%2Fcategories&post=418"},{"taxonomy":"post_tag","embeddable":true,"href":"https:\/\/idnf.fr\/index.php?rest_route=%2Fwp%2Fv2%2Ftags&post=418"}],"curies":[{"name":"wp","href":"https:\/\/api.w.org\/{rel}","templated":true}]}}