{"id":4207,"date":"2025-02-20T19:09:19","date_gmt":"2025-02-20T18:09:19","guid":{"rendered":"https:\/\/idnf.fr\/?p=4207"},"modified":"2025-02-20T19:15:34","modified_gmt":"2025-02-20T18:15:34","slug":"une-epidemie-dalzheimer-precoce-frappe-notre-pays","status":"publish","type":"post","link":"https:\/\/idnf.fr\/?p=4207","title":{"rendered":"UNE \u00c9PID\u00c9MIE D&rsquo;ALZHEIMER PR\u00c9COCE FRAPPE NOTRE PAYS !"},"content":{"rendered":"\n<p class=\"has-black-color has-text-color has-link-color has-medium-font-size wp-elements-9282491f16ed8c5179aaeaba1782f174\"><em>IDNF revient sur l&rsquo;incident du bras lev\u00e9 de Musk juste apr\u00e8s la victoire de Trump.<\/em><\/p>\n\n\n\n<p class=\"has-black-color has-text-color has-link-color has-medium-font-size wp-elements-251a5aa16c3230f893590dd1929b3339\">Depuis quelques temps, il devient dangereux de h\u00e9ler un taxi dans la rue, ou alors faites le du bras gauche&nbsp;! Et encore&nbsp;!<\/p>\n\n\n\n<p class=\"has-black-color has-text-color has-link-color has-medium-font-size wp-elements-98a8908598d81ef4f8e4207d2c778e0c\">En effet des gens sans culture ou \u00e0 la culture tr\u00e8s approximatives vous accuseront d\u2019ex\u00e9cuter un salut nazi&nbsp;? Ces ignorants ne savent m\u00eame pas qu\u2019\u00e0 l\u2019origine ce salut \u00e9tait celui des romains. On portait la mains sur son c\u0153ur et dressant le bras droit ou l\u2019offrait \u00e0 son interlocuteur ou, dans les jeux du cirque, &nbsp;au maitre des lieux. Mussolini en tant qu\u2019Italien reprit ce geste dans sa symbolique th\u00e9\u00e2trale de descendant d\u2019empereur romains de Carabas. Les nazis, d\u00e9montrant par l\u00e0 leur manque d\u2019imagination, sauf en ce qui concerne l\u2019abomination, s\u2019en empar\u00e8rent sans vergogne. Mais ce propos n\u2019a pour objet de d\u00e9montrer la pauvret\u00e9 culturelle des accusateurs publics. Dans ce salmigondis de croquants, aussi rapides \u00e0 jeter l\u2019opprobre sur les h\u00e9leurs de taxis que les excuses sur les \u00e9gorgeurs de juifs&nbsp; se trouve malheureusement quelques personnages se targuant d\u2019\u00eatre des enseignants en Histoire&nbsp;! Heureusement pour les \u00e9l\u00e8ves qu\u2019ils n\u2019ont pas eus, la politique les ayant aspir\u00e9s car en ce qui concerne l\u2019Histoire, il serait bon de leur rappeler quelques passages qu\u2019ils ont oubli\u00e9s ou plut\u00f4t qu\u2019ils pr\u00e9f\u00e8rent oublier.<\/p>\n\n\n\n<p class=\"has-black-color has-text-color has-link-color has-medium-font-size wp-elements-0c055dbe2821f9c174e36d47960e1235\">Soit ils ignorent \u2013 et ils ont le b\u00e9n\u00e9fice du doute, soit ils connaissent ce pan d\u2019Histoire et le taisent. Dans les deux cas, il sont des falsificateurs.<\/p>\n\n\n\n<p class=\"has-black-color has-text-color has-link-color has-medium-font-size wp-elements-b2c9029d640b528ed36e03e11f88eb8c\">D\u00e8s 1920, Amin-al-Husseini, membre actif des \u00ab&nbsp;fr\u00e8res musulmans&nbsp;\u00bb, est un des instigateurs du pogrom antijuif d\u2019avril (lors de la f\u00eates de Nabi Moussa, pouss\u00e9s par les nationaliste arabes, de nombreux participants commirent des tueries antis\u00e9mites qui conduisirent entre autre \u00e0 la cr\u00e9ation de la Haganah, milice secr\u00e8te juive de d\u00e9fense). Condamn\u00e9 \u00e0 10 ans de prison, il est graci\u00e9 dans un geste d\u2019apaisement\u2026 Nomm\u00e9 Grand Mufti c\u2019est \u00e0 dire pr\u00e9sident du conseil musulman, il contr\u00f4le ensuite d\u2019importants budgets.<\/p>\n\n\n\n<p class=\"has-black-color has-text-color has-link-color has-medium-font-size wp-elements-67e510d584bf45f6d6eb72169c55dbba\">D\u2019octobre 1939 au 8 mai 1945 Amin-al-Husseini, est recherch\u00e9 pour avoir instigu\u00e9 des attentats antijuifs en Palestine.&nbsp; Recherch\u00e9, il se r\u00e9fugie &nbsp;en 1941 \u00e0\u2026 Berlin.<\/p>\n\n\n\n<p class=\"has-black-color has-text-color has-link-color has-medium-font-size wp-elements-6c583889f08cf439a0003c6fe44aa913\">D\u00e9j\u00e0 en 1933, lors de la prise du pouvoir par Hitler en Allemagne, il ne cachait pas son admiration pour ce dernier auquel il demandera de \u00ab&nbsp;faire des efforts contre les juifs&nbsp;dans le monde islamique \u00bb.<\/p>\n\n\n\n<figure class=\"wp-block-image aligncenter size-full\"><img data-recalc-dims=\"1\" loading=\"lazy\" decoding=\"async\" width=\"315\" height=\"254\" src=\"https:\/\/i0.wp.com\/idnf.fr\/wp-content\/uploads\/2025\/02\/Image1.jpg?resize=315%2C254&#038;ssl=1\" alt=\"\" class=\"wp-image-4208\" srcset=\"https:\/\/i0.wp.com\/idnf.fr\/wp-content\/uploads\/2025\/02\/Image1.jpg?w=315&amp;ssl=1 315w, https:\/\/i0.wp.com\/idnf.fr\/wp-content\/uploads\/2025\/02\/Image1.jpg?resize=300%2C242&amp;ssl=1 300w\" sizes=\"auto, (max-width: 315px) 100vw, 315px\" \/><\/figure>\n\n\n\n<p class=\"has-black-color has-text-color has-link-color has-medium-font-size wp-elements-2b563677bd1d9c6ee4067753051514fd\">Plus tard, en 1937 il demandait la d\u00e9portation des juifs de Palestine&nbsp;! Puis, lors d\u2019une rencontre avec Hitler qu\u2019il appelle en fran\u00e7ais \u00ab&nbsp;mon ami&nbsp;\u00bb (Amin-al Husseini parlait le fran\u00e7ais couramment), le chef nazi lui exposa son projet d\u2019expulser les juifs d\u2019Europe. Amin al Husseini lui r\u00e9torqua \u00ab&nbsp;Ah non&nbsp;! ne faites pas cela, ils viendront en Palestine&nbsp;!&nbsp;\u00bb Hitler lui r\u00e9pliqua \u00ab&nbsp;mais alors qu\u2019en faire&nbsp;?&nbsp;\u00bb, \u00ab&nbsp;Br\u00fblez-les&nbsp;!&nbsp;\u00bb, telle fut sa r\u00e9ponse. Serait-il pr\u00e9somptueux de penser que c\u2019est \u00e0 ce moment que germa l\u2019id\u00e9e de la solution finale&nbsp;?<\/p>\n\n\n\n<p class=\"has-black-color has-text-color has-link-color has-medium-font-size wp-elements-d23fb0bec735e6c646df034c3315933b\"><br>Cet \u00ab&nbsp;ami&nbsp;\u00bb d\u2019Hitler n\u2019en resta pas l\u00e0. Lors du conflit mondial, pour remercier ses h\u00f4tes, il se servit de son aura pour organiser la cr\u00e9ation de 3 divisions SS dont la tristement c\u00e9l\u00e8bre&nbsp; 13eme division de Montagne Handschar (Cimeterre) form\u00e9e de volontaires de Bosnie-Herz\u00e9govine dont l\u2019embl\u00e8me \u00e9tait une croix gamm\u00e9e et un cimeterre.<\/p>\n\n\n\n<figure class=\"wp-block-image aligncenter size-full\"><img data-recalc-dims=\"1\" loading=\"lazy\" decoding=\"async\" width=\"299\" height=\"166\" src=\"https:\/\/i0.wp.com\/idnf.fr\/wp-content\/uploads\/2025\/02\/Image2.png?resize=299%2C166&#038;ssl=1\" alt=\"\" class=\"wp-image-4209\"\/><\/figure>\n\n\n\n<figure class=\"wp-block-image aligncenter size-full\"><img data-recalc-dims=\"1\" loading=\"lazy\" decoding=\"async\" width=\"238\" height=\"170\" src=\"https:\/\/i0.wp.com\/idnf.fr\/wp-content\/uploads\/2025\/02\/Image3.jpg?resize=238%2C170&#038;ssl=1\" alt=\"\" class=\"wp-image-4210\"\/><\/figure>\n\n\n\n<p class=\"has-black-color has-text-color has-link-color has-medium-font-size wp-elements-fd4e35d5809481926e987e0d6841ffb7\">Afin de renforcer les 20 000 volontaires de Bosnie, Il se rendit en avril 1943 \u00e0 J\u00e9rusalem pour y recruter environ 6 000 volontaires arabes. Les officiers seront form\u00e9s en Alsace \u00e0 Cernay et les troupes entrain\u00e9es en France dans le Massif Central. Le poste de commandement sera \u00e9tabli au Puy et le d\u00e9p\u00f4t \u00e0 Mende (Loz\u00e8re). Himmler se charge en personne de faire modifier les rations de fa\u00e7on \u00e0 ce que les pr\u00e9ceptes nutritionnels soient respect\u00e9s (absence de Porc notamment). Adolf Hitler lui-m\u00eame s\u2019en m\u00eale et promulgue les dispositions suivantes&nbsp;: \u00ab&nbsp;On doit garantir, \u00e0 tous les membres musulmans de la Waffen-SS (..), le droit indiscutable pr\u00e9vu par leur religion, \u00e0 ne pas manger de la viande de porc et de ne pas boire de boissons alcoolis\u00e9es. Il faudra leur garantir des menus \u00e9quivalents. (\u2026) Je ne veux pas que, par stupidit\u00e9 et \u00e9troitesse d&rsquo;esprit d\u2019individus isol\u00e9s, un seul de ces h\u00e9ro\u00efques volontaires ressente une g\u00eane et \u00e0 se croit priv\u00e9 des droits qui lui ont \u00e9t\u00e9 assur\u00e9s. (\u2026) J\u2019ordonne que chaque infraction \u00e0 ces dispositions soit punie sans la moindre h\u00e9sitation et qu&rsquo;on m&rsquo;en rende compte&nbsp;\u00bb<\/p>\n\n\n\n<figure class=\"wp-block-image aligncenter size-full\"><img data-recalc-dims=\"1\" loading=\"lazy\" decoding=\"async\" width=\"222\" height=\"152\" src=\"https:\/\/i0.wp.com\/idnf.fr\/wp-content\/uploads\/2025\/02\/Image4.jpg?resize=222%2C152&#038;ssl=1\" alt=\"\" class=\"wp-image-4211\"\/><\/figure>\n\n\n\n<figure class=\"wp-block-image aligncenter size-full\"><img data-recalc-dims=\"1\" loading=\"lazy\" decoding=\"async\" width=\"640\" height=\"460\" src=\"https:\/\/i0.wp.com\/idnf.fr\/wp-content\/uploads\/2025\/02\/Image5.jpg?resize=640%2C460&#038;ssl=1\" alt=\"\" class=\"wp-image-4212\" srcset=\"https:\/\/i0.wp.com\/idnf.fr\/wp-content\/uploads\/2025\/02\/Image5.jpg?w=647&amp;ssl=1 647w, https:\/\/i0.wp.com\/idnf.fr\/wp-content\/uploads\/2025\/02\/Image5.jpg?resize=300%2C216&amp;ssl=1 300w\" sizes=\"auto, (max-width: 640px) 100vw, 640px\" \/><\/figure>\n\n\n\n<p class=\"has-black-color has-text-color has-link-color has-medium-font-size wp-elements-344f099bdd145c0521d6a80df463e569\">Plus tard la division est&nbsp; affect\u00e9e en Yougoslavie et &nbsp;y commet de nombreux crimes de guerre contre les partisans mais aussi contre les populations civiles serbes. Certains commandos participent \u00e0 des actions contre les juifs.<\/p>\n\n\n\n<p class=\"has-black-color has-text-color has-link-color has-medium-font-size wp-elements-0b178576eca1a69765e9ca361938e777\">En 1943 Amin -al-Husseini d\u00e9clare&nbsp;:&nbsp;\u00ab&nbsp;(\u2026) les musulmans devraient suivre l\u2019exemple des Allemands qui ont trouv\u00e9 une solution d\u00e9finitives au probl\u00e8me juif.&nbsp;\u00bb. Il \u00e9crit le 25 juillet 1944 au ministre hongrois des affaires \u00e9trang\u00e8res pour s\u2019opposer \u00e0 la d\u00e9livrance de sauf-conduits pour 900 enfants juifs.<\/p>\n\n\n\n<p class=\"has-black-color has-text-color has-link-color has-medium-font-size wp-elements-1543606108011ebd61c19ef4b2111d07\">Recherch\u00e9 par les autorit\u00e9s Yougoslaves et Britanniques pour crime de guerre et collaboration, d\u00e9but mai 1945 il quitte Berlin, se r\u00e9fugie en France \u00e0 Saint Maur des foss\u00e9s ou la Grande Mosqu\u00e9e lui fournit un cuisiner. D\u00e9jouant la surveillance des autorit\u00e9s Fran\u00e7aises, il r\u00e9ussit \u00e0 s\u2019enfuir le 29 mai 1945 au Moyen-Orient. En 1946, il est accueilli comme un h\u00e9ros en \u00c9gypte et dans les pays arabes.<\/p>\n\n\n\n<p class=\"has-black-color has-text-color has-link-color has-medium-font-size wp-elements-5682f6ae00da0933cf879afcff1a59f9\"><em>On voit donc bien que la volont\u00e9 de destruction physique des juifs n\u2019est pas un avatar datant du 7 octobre 2023, ni m\u00eame de la cr\u00e9ation de l\u2019\u00c9tat d\u2019Isra\u00ebl&nbsp;!<\/em> Elle est inh\u00e9rente et consubstantielle \u00e0 l\u2019islamisme des fr\u00e8res musulmans.<\/p>\n\n\n\n<p class=\"has-black-color has-text-color has-link-color has-medium-font-size wp-elements-379e9bf469f5bbdfa464e37170ac54ca\">Heureusement, les islamistes emmen\u00e9s par leur leader \u00e9taient loin d\u2019\u00eatre majoritaires. La grande partie rejetait cette fraction complice. Au lieu de se faire complice de l\u2019horreur, elle choisit l\u2019honneur&nbsp;; Honneur aux dizaines de milliers de musulmans non islamistes qui ont se sont port\u00e9s volontaires pour combattre le nazisme soit Arabes, Pakistanais et autres dans l\u2019arm\u00e9e britannique mais surtout berb\u00e8res au sein de l\u2019arm\u00e9e fran\u00e7aise. Apr\u00e8s le&nbsp; 2eme r\u00e9giment de Chasseurs parachutistes, le 2eme groupe de Tabor marocains est le r\u00e9giment le plus d\u00e9cor\u00e9 de la seconde guerre mondiale avec le 3eme r\u00e9giment de tirailleurs Alg\u00e9riens, le 4eme r\u00e9giment de tirailleurs Tunisiens. On d\u00e9nombre 233 000 musulmans dans l\u2019arm\u00e9e fran\u00e7aise au cours de la II\u00e8me Guerre Mondiale et ils obtinrent des victoires spectaculaires durant la campagne d\u2019Italie. Que cet \u00e9crit r\u00e9active leur m\u00e9moire. Ils ont choisi la France, non pour la ha\u00efr et la piller mais parce qu\u2019ils l\u2019aimaient&nbsp;!<\/p>\n\n\n\n<p class=\"has-black-color has-text-color has-link-color has-medium-font-size wp-elements-201a41329c9a733a1d4b73feaa7f12c5\">Alors en ce qui concerne les donneurs de le\u00e7on qui voient des pseudo-saluts nazis partout, peut-\u00eatre serait-il temps qu\u2019ils balayent devant leur porte et surtout la porte de leurs amis, les descendant l\u00e9gitimes de la division Handschar serviteurs d\u00e9vou\u00e9s des vrais nazis , descendants z\u00e9l\u00e9s dont ils excusent les pogroms et appellent \u00ab&nbsp;r\u00e9sistants&nbsp;\u00bb de vulgaires terroristes.<\/p>\n\n\n\n<p class=\"has-black-color has-text-color has-link-color has-medium-font-size wp-elements-eaecf081a507db69e78e3b6836a63a46\"><br><strong>P&nbsp; Mulsant est ancien officier du renseignement int\u00e9rieur<\/strong><\/p>\n\n\n\n<p class=\"has-black-color has-text-color has-link-color has-medium-font-size wp-elements-82c7da2d22aa6b7b65cbd1de5781acbf\">Utilisation des images&nbsp;:&nbsp; libert\u00e9 de partager cette photo <a href=\"https:\/\/fr.m.wikipedia.org\/wiki\/Fichier:Bundesarchiv_Bild_146-1987-004-09A,_Amin_al_Husseini_und_Adolf_Hitler.jpg#filelinks\">https:\/\/fr.m.wikipedia.org\/wiki\/Fichier:Bundesarchiv_Bild_146-1987-004-09A,_Amin_al_Husseini_und_Adolf_Hitler.jpg#filelinks<\/a><\/p>\n\n\n\n<p class=\"has-black-color has-text-color has-link-color has-medium-font-size wp-elements-fec566e351e894e94caf46fb2a593708\"><a href=\"https:\/\/www.francetvinfo.fr\/monde\/palestine\/le-mufti-al-husseini-du-nationalisme-a-la-poignee-de-main-avec-hitler_3067565.html\">https:\/\/www.francetvinfo.fr\/monde\/palestine\/le-mufti-al-husseini-du-nationalisme-a-la-poignee-de-main-avec-hitler_3067565.html<\/a><\/p>\n\n\n\n<p class=\"has-black-color has-text-color has-link-color has-medium-font-size wp-elements-6c4eb6089804b04026e5edfa559b4512\"><a href=\"https:\/\/www.historia.fr\/guide-culture-loisirs\/livres-bd\/un-poignard-bien-emousse-2067344\">https:\/\/www.historia.fr\/guide-culture-loisirs\/livres-bd\/un-poignard-bien-emousse-2067344<\/a><\/p>\n\n\n\n<p class=\"has-black-color has-text-color has-link-color has-medium-font-size wp-elements-e7f7f15c7a15998e499a6c2b2e37c8dd\"><a href=\"https:\/\/www.lepoint.fr\/culture\/balkans-serbes-et-bosniaques-n-oublient-pas-les-musulmans-ss-02-09-2020-2390164_3.php\">https:\/\/www.lepoint.fr\/culture\/balkans-serbes-et-bosniaques-n-oublient-pas-les-musulmans-ss-02-09-2020-2390164_3.php<\/a><\/p>\n","protected":false},"excerpt":{"rendered":"<p>IDNF revient sur l&rsquo;incident du bras lev\u00e9 de Musk juste apr\u00e8s la victoire de Trump&#8230;.<\/p>\n","protected":false},"author":9,"featured_media":4209,"comment_status":"open","ping_status":"open","sticky":false,"template":"","format":"standard","meta":{"_EventAllDay":false,"_EventTimezone":"","_EventStartDate":"","_EventEndDate":"","_EventStartDateUTC":"","_EventEndDateUTC":"","_EventShowMap":false,"_EventShowMapLink":false,"_EventURL":"","_EventCost":"","_EventCostDescription":"","_EventCurrencySymbol":"","_EventCurrencyCode":"","_EventCurrencyPosition":"","_EventDateTimeSeparator":"","_EventTimeRangeSeparator":"","_EventOrganizerID":[],"_EventVenueID":[],"_OrganizerEmail":"","_OrganizerPhone":"","_OrganizerWebsite":"","_VenueAddress":"","_VenueCity":"","_VenueCountry":"","_VenueProvince":"","_VenueState":"","_VenueZip":"","_VenuePhone":"","_VenueURL":"","_VenueStateProvince":"","_VenueLat":"","_VenueLng":"","_VenueShowMap":false,"_VenueShowMapLink":false,"jetpack_post_was_ever_published":false,"_jetpack_newsletter_access":"","_jetpack_dont_email_post_to_subs":false,"_jetpack_newsletter_tier_id":0,"_jetpack_memberships_contains_paywalled_content":false,"_jetpack_memberships_contains_paid_content":false,"footnotes":"","jetpack_publicize_message":"","jetpack_publicize_feature_enabled":true,"jetpack_social_post_already_shared":true,"jetpack_social_options":{"image_generator_settings":{"template":"highway","default_image_id":0,"font":"","enabled":false},"version":2}},"categories":[11,34],"tags":[],"class_list":["post-4207","post","type-post","status-publish","format-standard","has-post-thumbnail","hentry","category-editorial","category-humeur"],"jetpack_publicize_connections":[],"jetpack_featured_media_url":"https:\/\/i0.wp.com\/idnf.fr\/wp-content\/uploads\/2025\/02\/Image2.png?fit=299%2C166&ssl=1","jetpack_sharing_enabled":true,"_links":{"self":[{"href":"https:\/\/idnf.fr\/index.php?rest_route=\/wp\/v2\/posts\/4207","targetHints":{"allow":["GET"]}}],"collection":[{"href":"https:\/\/idnf.fr\/index.php?rest_route=\/wp\/v2\/posts"}],"about":[{"href":"https:\/\/idnf.fr\/index.php?rest_route=\/wp\/v2\/types\/post"}],"author":[{"embeddable":true,"href":"https:\/\/idnf.fr\/index.php?rest_route=\/wp\/v2\/users\/9"}],"replies":[{"embeddable":true,"href":"https:\/\/idnf.fr\/index.php?rest_route=%2Fwp%2Fv2%2Fcomments&post=4207"}],"version-history":[{"count":2,"href":"https:\/\/idnf.fr\/index.php?rest_route=\/wp\/v2\/posts\/4207\/revisions"}],"predecessor-version":[{"id":4216,"href":"https:\/\/idnf.fr\/index.php?rest_route=\/wp\/v2\/posts\/4207\/revisions\/4216"}],"wp:featuredmedia":[{"embeddable":true,"href":"https:\/\/idnf.fr\/index.php?rest_route=\/wp\/v2\/media\/4209"}],"wp:attachment":[{"href":"https:\/\/idnf.fr\/index.php?rest_route=%2Fwp%2Fv2%2Fmedia&parent=4207"}],"wp:term":[{"taxonomy":"category","embeddable":true,"href":"https:\/\/idnf.fr\/index.php?rest_route=%2Fwp%2Fv2%2Fcategories&post=4207"},{"taxonomy":"post_tag","embeddable":true,"href":"https:\/\/idnf.fr\/index.php?rest_route=%2Fwp%2Fv2%2Ftags&post=4207"}],"curies":[{"name":"wp","href":"https:\/\/api.w.org\/{rel}","templated":true}]}}