{"id":4236,"date":"2025-02-25T13:24:12","date_gmt":"2025-02-25T12:24:12","guid":{"rendered":"https:\/\/idnf.fr\/?p=4236"},"modified":"2025-02-25T13:34:27","modified_gmt":"2025-02-25T12:34:27","slug":"resultats-des-elections-allemandes-une-allemagne-ingouvernable","status":"publish","type":"post","link":"https:\/\/idnf.fr\/?p=4236","title":{"rendered":"R\u00e9sultats des \u00e9lections allemandes : Une Allemagne ingouvernable ?"},"content":{"rendered":"\n<p class=\"has-black-color has-text-color has-link-color has-medium-font-size wp-elements-9412991f552d54a97811ed602320f42c\">Les r\u00e9sultats du scrutin de ce week-end en Allemagne ont un petit go\u00fbt de d\u00e9j\u00e0 vu en France : des partis traditionnels en perdition, une extr\u00eame droite  en plein essor au discours mono th\u00e9matique simple et imparable. Avec pour cons\u00e9quence, l&rsquo;acc\u00e9l\u00e9ration  de la d\u00e9composition de l&rsquo;\u00e9chiquier politique allemand augurant pour les prochaines semaines d&rsquo;une incapacit\u00e9 \u00e0 gouverner un pays dont les difficult\u00e9s \u00e9conomiques et sociales sont aussi au moins importantes qu&rsquo;en France.<\/p>\n\n\n\n<figure class=\"wp-block-image size-large\"><img data-recalc-dims=\"1\" loading=\"lazy\" decoding=\"async\" width=\"640\" height=\"947\" src=\"https:\/\/i0.wp.com\/idnf.fr\/wp-content\/uploads\/2025\/02\/Olaf-Scholz.jpg?resize=640%2C947&#038;ssl=1\" alt=\"\" class=\"wp-image-4240\" srcset=\"https:\/\/i0.wp.com\/idnf.fr\/wp-content\/uploads\/2025\/02\/Olaf-Scholz.jpg?resize=692%2C1024&amp;ssl=1 692w, https:\/\/i0.wp.com\/idnf.fr\/wp-content\/uploads\/2025\/02\/Olaf-Scholz.jpg?resize=203%2C300&amp;ssl=1 203w, https:\/\/i0.wp.com\/idnf.fr\/wp-content\/uploads\/2025\/02\/Olaf-Scholz.jpg?resize=768%2C1136&amp;ssl=1 768w, https:\/\/i0.wp.com\/idnf.fr\/wp-content\/uploads\/2025\/02\/Olaf-Scholz.jpg?w=800&amp;ssl=1 800w\" sizes=\"auto, (max-width: 640px) 100vw, 640px\" \/><\/figure>\n\n\n\n<p class=\"has-black-color has-text-color has-link-color has-medium-font-size wp-elements-491d4a974eefa30096cfe110a18d34dd\">Le mod\u00e8le politique allemand reposant sur la voie du consensus et des alliances contre nature r\u00e9ussies saura t-il faire face \u00e0 cette nouvelle donne ? Certes, l&rsquo;\u00e9volution du contexte politique en Allemagne \u00e9tait largement pr\u00e9visible, les partis dits traditionnels, tout du moins ceux qui se sont succ\u00e9d\u00e9 pour gouverner sans rel\u00e2che depuis l&rsquo;apr\u00e8s-guerre, connaissant le m\u00eame sort que ceux de France \u00e0 savoir un rejet de leur \u00e9lectorat cons\u00e9cutif \u00e0 l&rsquo;absence de r\u00e9ponse satisfaisante face aux probl\u00e8mes \u00e9conomique et soci\u00e9taux pos\u00e9s.<\/p>\n\n\n\n<p class=\"has-black-color has-text-color has-link-color has-medium-font-size wp-elements-7bf53a4c8fb7c17a60bb13dd948365a4\">La crise COVID a \u00e9t\u00e9 un r\u00e9v\u00e9lateur de la d\u00e9fiance accrue des \u00e9lecteurs en Europe vis-\u00e0-vis de leur classe politique sur une th\u00e9matique, la sant\u00e9, que l&rsquo;ensemble de la population consid\u00e9rait comme essentielle. En r\u00e9action aux manipulations et autres mensonges combin\u00e9s des politiques et des medias, le peuple, fran\u00e7ais ou allemand, a cherch\u00e9 \u00e0 se r\u00e9approprier le terrain politique en contestant toute d\u00e9cision provenant de ses \u00ab\u00a0\u00e9lus\u00a0\u00bb d\u00e8s lors qu&rsquo;elle \u00e9tait de nature \u00e0 remettre en cause sa propre souverainet\u00e9.<\/p>\n\n\n\n<p class=\"has-black-color has-text-color has-link-color has-medium-font-size wp-elements-f18916a0d231c61ed8abed773267f8f3\">Et de fait, les probl\u00e9matiques li\u00e9es au ph\u00e9nom\u00e8ne migratoire, \u00e0 la crise en Ukraine, \u00e0 la destruction des souverainet\u00e9s par l&rsquo;Union Europ\u00e9enne, aux difficult\u00e9s \u00e9conomiques ont \u00ab\u00a0extr\u00e9mis\u00e9\u00a0\u00bb les d\u00e9bats dans tous les pays europ\u00e9ens. Ce qui est bien compr\u00e9hensible puisque, une fois encore, les partis centristes \u00e9taient \u00e0 la manoeuvre, repr\u00e9sent\u00e9s par une g\u00e9n\u00e9ration de jeunes imp\u00e9tueux, ces fameux \u00ab\u00a0young leaders\u00a0\u00bb, trentenaires d\u00e9j\u00e0 d\u00e9magogues d&rsquo;une r\u00e9alit\u00e9 \u00e0 laquelle ils n&rsquo;ont pourtant jamais \u00e9t\u00e9 confront\u00e9s, encha\u00eenant les conneries en autant de perles d&rsquo;un collier qui s&rsquo;allonge au fer et \u00e0 mesure que les crises se succ\u00e8dent.<\/p>\n\n\n\n<p class=\"has-medium-font-size\">La r\u00e9action du peuple ne s&rsquo;est pas fait attendre : il ne veut pas de ce 21\u00e8me si\u00e8cle dans lequel ses avortons bien n\u00e9s souhaitent le faire rentrer, un 21\u00e8me si\u00e8cle dans lequel la place de l&rsquo;homme est effac\u00e9e, dans lequel la Vie d&rsquo;un Homme n&rsquo;a pas plus d&rsquo;importance qu&rsquo;un produit commercial jetable, dans lequel les int\u00e9r\u00eats priv\u00e9s organis\u00e9s autour de quelque fortune multi-milliardaire se substituent au Bien Commun.<\/p>\n\n\n\n<p class=\"has-medium-font-size\">Alors les Allemands, comme nous depuis quelques ann\u00e9es en France, ont manifest\u00e9 dimanche dernier leur souhait de changement, le retour de leur souverainet\u00e9 et l&rsquo;arr\u00eat d\u00e9finitif de ces exp\u00e9riences hasardeuses. Avec 20 % des suffrages, l&rsquo;AFD est encore loin de la prise de pouvoir mais force est de constater que le doublement de son pourcentage de voix est un signe fort et que la marge de progression est bien r\u00e9elle.<\/p>\n\n\n\n<p class=\"has-medium-font-size\">Faut-il s&rsquo;en r\u00e9jouir ? Ces r\u00e9sultats semblent traduire dans les urnes cette volont\u00e9 d&rsquo;en finir avec une Union Europ\u00e9enne dont la politique migratoire pose davantage de probl\u00e8me qu&rsquo;elle n&rsquo;en r\u00e9sout notamment en mati\u00e8re de coh\u00e9sion sociale et de s\u00e9curit\u00e9 int\u00e9rieure.<\/p>\n\n\n\n<p class=\"has-medium-font-size\">Mais si les Allemands ont sanctionn\u00e9 les partis traditionnels, c&rsquo;est bien parce que leur fameux mod\u00e8le \u00e9conomique est \u00e0 la peine pour ne pas dire en piteux \u00e9tat. Les PME, v\u00e9ritable ciment de la r\u00e9ussite allemande, sont fragilis\u00e9es, liquid\u00e9es en masse en raison de leur difficult\u00e9 \u00e0 pouvoir rembourser les pr\u00eats PGE octroy\u00e9s pendant la crise COVID. Or, reb\u00e2tir une PME demande du temps et les pertes enregistr\u00e9es depuis maintenant deux ans ne seront pas combl\u00e9es de sit\u00f4t.<\/p>\n\n\n\n<p class=\"has-black-color has-text-color has-link-color has-medium-font-size wp-elements-2f679deebd9f9adb027ae51f7942a3fb\">A cela, s&rsquo;ajoute la d\u00e9fiance des Allemands notamment ceux de l&rsquo;Est, laiss\u00e9s pour compte du fameux \u00ab\u00a0Wirtschaft wunder\u00a0\u00bb (\u00ab\u00a0miracle \u00e9conomique\u00a0\u00bb) et qui ont toujours eu le sentiment, malgr\u00e9 la r\u00e9unification, d&rsquo;avoir \u00e9t\u00e9 mis de c\u00f4t\u00e9.<\/p>\n\n\n\n<p class=\"has-black-color has-text-color has-link-color has-medium-font-size wp-elements-a3da4528878826adc8ba50c242b43728\">Avec un parlement dont la composition commence \u00e0 ressembler \u00e9trangement \u00e0 celle que nous connaissons, ne manquait plus que l&rsquo;incapacit\u00e9 gouvernementale \u00e0 diriger le pays, 3\u00e8me puissance \u00e9conomique mondiale encore aujourd&rsquo;hui, mais qui devra affronter d\u00e9sormais les divisions internes.<\/p>\n\n\n\n<p class=\"has-black-color has-text-color has-link-color has-medium-font-size wp-elements-94cc36be455658f9e9f531c89b949cee\">La fameux couple franco-allemand tant vant\u00e9 dans nos medias semble avoir v\u00e9cu. La locomotive reste \u00e0 quai pour grosses r\u00e9parations.<\/p>\n\n\n\n<p class=\"has-black-color has-text-color has-link-color has-medium-font-size wp-elements-67e923d72e5c9574d49709ea861cfbf4\"><strong>Amiti\u00e9s patriotes<\/strong><\/p>\n\n\n\n<p class=\"has-black-color has-text-color has-link-color has-medium-font-size wp-elements-6b3fc16561b6138ed6efb5ab505ecc1e\"><strong>P.MAGNERON <\/strong><\/p>\n\n\n\n<p> <\/p>\n","protected":false},"excerpt":{"rendered":"<p>Les r\u00e9sultats du scrutin de ce week-end en Allemagne ont un petit go\u00fbt de d\u00e9j\u00e0&#8230;<\/p>\n","protected":false},"author":2,"featured_media":4240,"comment_status":"open","ping_status":"open","sticky":false,"template":"","format":"standard","meta":{"_EventAllDay":false,"_EventTimezone":"","_EventStartDate":"","_EventEndDate":"","_EventStartDateUTC":"","_EventEndDateUTC":"","_EventShowMap":false,"_EventShowMapLink":false,"_EventURL":"","_EventCost":"","_EventCostDescription":"","_EventCurrencySymbol":"","_EventCurrencyCode":"","_EventCurrencyPosition":"","_EventDateTimeSeparator":"","_EventTimeRangeSeparator":"","_EventOrganizerID":[],"_EventVenueID":[],"_OrganizerEmail":"","_OrganizerPhone":"","_OrganizerWebsite":"","_VenueAddress":"","_VenueCity":"","_VenueCountry":"","_VenueProvince":"","_VenueState":"","_VenueZip":"","_VenuePhone":"","_VenueURL":"","_VenueStateProvince":"","_VenueLat":"","_VenueLng":"","_VenueShowMap":false,"_VenueShowMapLink":false,"jetpack_post_was_ever_published":false,"_jetpack_newsletter_access":"","_jetpack_dont_email_post_to_subs":false,"_jetpack_newsletter_tier_id":0,"_jetpack_memberships_contains_paywalled_content":false,"_jetpack_memberships_contains_paid_content":false,"footnotes":"","jetpack_publicize_message":"","jetpack_publicize_feature_enabled":true,"jetpack_social_post_already_shared":true,"jetpack_social_options":{"image_generator_settings":{"template":"highway","default_image_id":0,"font":"","enabled":false},"version":2}},"categories":[23,11,34,26,25],"tags":[],"class_list":["post-4236","post","type-post","status-publish","format-standard","has-post-thumbnail","hentry","category-economie","category-editorial","category-humeur","category-international","category-politique"],"jetpack_publicize_connections":[],"jetpack_featured_media_url":"https:\/\/i0.wp.com\/idnf.fr\/wp-content\/uploads\/2025\/02\/Olaf-Scholz.jpg?fit=800%2C1183&ssl=1","jetpack_sharing_enabled":true,"_links":{"self":[{"href":"https:\/\/idnf.fr\/index.php?rest_route=\/wp\/v2\/posts\/4236","targetHints":{"allow":["GET"]}}],"collection":[{"href":"https:\/\/idnf.fr\/index.php?rest_route=\/wp\/v2\/posts"}],"about":[{"href":"https:\/\/idnf.fr\/index.php?rest_route=\/wp\/v2\/types\/post"}],"author":[{"embeddable":true,"href":"https:\/\/idnf.fr\/index.php?rest_route=\/wp\/v2\/users\/2"}],"replies":[{"embeddable":true,"href":"https:\/\/idnf.fr\/index.php?rest_route=%2Fwp%2Fv2%2Fcomments&post=4236"}],"version-history":[{"count":4,"href":"https:\/\/idnf.fr\/index.php?rest_route=\/wp\/v2\/posts\/4236\/revisions"}],"predecessor-version":[{"id":4241,"href":"https:\/\/idnf.fr\/index.php?rest_route=\/wp\/v2\/posts\/4236\/revisions\/4241"}],"wp:featuredmedia":[{"embeddable":true,"href":"https:\/\/idnf.fr\/index.php?rest_route=\/wp\/v2\/media\/4240"}],"wp:attachment":[{"href":"https:\/\/idnf.fr\/index.php?rest_route=%2Fwp%2Fv2%2Fmedia&parent=4236"}],"wp:term":[{"taxonomy":"category","embeddable":true,"href":"https:\/\/idnf.fr\/index.php?rest_route=%2Fwp%2Fv2%2Fcategories&post=4236"},{"taxonomy":"post_tag","embeddable":true,"href":"https:\/\/idnf.fr\/index.php?rest_route=%2Fwp%2Fv2%2Ftags&post=4236"}],"curies":[{"name":"wp","href":"https:\/\/api.w.org\/{rel}","templated":true}]}}