{"id":4301,"date":"2025-03-08T09:54:26","date_gmt":"2025-03-08T08:54:26","guid":{"rendered":"https:\/\/idnf.fr\/?p=4301"},"modified":"2025-03-08T09:54:29","modified_gmt":"2025-03-08T08:54:29","slug":"journee-internationale-des-droits-des-femmes-soutenons-lassociation-nemesis","status":"publish","type":"post","link":"https:\/\/idnf.fr\/?p=4301","title":{"rendered":"Journ\u00e9e internationale des droits des femmes : soutenons l&rsquo;association NEMESIS !"},"content":{"rendered":"\n<p class=\"has-black-color has-text-color has-link-color has-medium-font-size wp-elements-adeaa900036e6318ffdebdc2df3db091\">Une manifestation est pr\u00e9vue ce jour \u00e0 Paris dans le cadre de la journ\u00e9e internationale des droits des femmes \u00e0 l&rsquo;initiative d&rsquo;associations regroup\u00e9es en collectif pour l&rsquo;occasion et pr\u00f4nant l&rsquo;intersection des luttes.<\/p>\n\n\n\n<p class=\"has-black-color has-text-color has-link-color has-medium-font-size wp-elements-7db32c16e2b6033d42c1614e51954846\">Sauf que le collectif semble tr\u00e8s s\u00e9lectif et que l&rsquo;intersection des luttes n&rsquo;est pas compl\u00e8tement au rendez-vous.<\/p>\n\n\n\n<figure class=\"wp-block-image aligncenter size-full\"><img data-recalc-dims=\"1\" loading=\"lazy\" decoding=\"async\" width=\"220\" height=\"229\" src=\"https:\/\/i0.wp.com\/idnf.fr\/wp-content\/uploads\/2025\/03\/nemesis.jpg?resize=220%2C229&#038;ssl=1\" alt=\"\" class=\"wp-image-4302\"\/><\/figure>\n\n\n\n<p class=\"has-black-color has-text-color has-link-color has-medium-font-size wp-elements-527fa436343cf091bfa8a457e140b1ae\">Si les associations dites \u00ab\u00a0ultra-gauches\u00a0\u00bb seront, elles, autoris\u00e9es \u00e0 participer \u00e0 cette manifestation, il n&rsquo;en est pas de m\u00eame de l&rsquo;association NEMESIS, catalogu\u00e9e par nos chers media (trop chers media) \u00e0 l&rsquo;extr\u00eame-droite de l&rsquo;\u00e9chiquier politique. Comme quoi, la d\u00e9fense des femmes, aussi noble soit-elle, ob\u00e9it l\u00e0-aussi \u00e0 un ph\u00e9nom\u00e8ne d&rsquo;ostracisation bon teint de la part de mouvements semblant d\u00e9tenir la v\u00e9rit\u00e9 dans cette lutte et, surtout, se r\u00e9servant le droit de d\u00e9finir ce qui est bon et ce qui est mauvais pour la gente f\u00e9minine.<\/p>\n\n\n\n<p class=\"has-black-color has-text-color has-link-color has-medium-font-size wp-elements-be1438dc5ecb4925ae1bb1b24f64b165\">Personne ne saura donc surpris d&rsquo;apprendre que loin du message universel cens\u00e9 \u00eatre diffus\u00e9 lors d&rsquo;une telle journ\u00e9e (pourtant internationale&#8230;), ces associations en profitent pour restreindre la lutte \u00e0 celle poursuivie contre ces inf\u00e2mes m\u00e2les blancs, dominateurs, h\u00e9t\u00e9rosexuels qui imposent leur force aux femmes et les violent sans vergogne.<\/p>\n\n\n\n<p class=\"has-black-color has-text-color has-link-color has-medium-font-size wp-elements-91da11b931601da0e48f5be74c58f8f4\">Seront donc pass\u00e9s sous silence les exactions de ces hommes que l&rsquo;on a pourtant accueillis sur notre territoire et qui, \u00e0 la simple vue d&rsquo;un genou, d&rsquo;une \u00e9paule d\u00e9nud\u00e9e ou d&rsquo;un poignet partent en transe et commettent l&rsquo;irr\u00e9parable : un viol. Quand il n&rsquo;est pas suivi d&rsquo;un meurtre&#8230; Il faut bien faire taire la victime.<\/p>\n\n\n\n<p class=\"has-black-color has-text-color has-link-color has-medium-font-size wp-elements-3dc6bf70e53325b877e1993be15bd8df\">Dans ce contexte absurde, les associations de gauche, largement subventionn\u00e9es comme chacun sait par des \u00e9diles complices, notamment la mairesse de Paris, menacent purement et simplement de refouler NEMESIS \u00e0 l&rsquo;entr\u00e9e de la manifestation. Sarah Knafo aussi&#8230;<\/p>\n\n\n\n<p class=\"has-black-color has-text-color has-link-color has-medium-font-size wp-elements-f4286b640395b5fe89b331965ebd3719\">Si nous sommes bien conscients que le viol effectu\u00e9 par un OQTF ou celui d&rsquo;un bourgeois blanc bon teint rev\u00eat la m\u00eame ignominie, la m\u00eame saloperie, le m\u00eame d\u00e9gout, ce combat men\u00e9 par ces femmes de NEMESIS, engag\u00e9es et sinc\u00e8res, est digne et ne devrait pas \u00eatre politis\u00e9 de fa\u00e7on aussi caricaturale, les questions de fonds notamment celles portant sur les choix soci\u00e9taux de notre pays \u00e9tant parfaitement l\u00e9gitimes.<\/p>\n\n\n\n<p class=\"has-black-color has-text-color has-link-color has-medium-font-size wp-elements-a79c1e3b6110b28a2ed999f451804835\">De ce point de vue, IDNF ne peut que soutenir leur d\u00e9marche et face \u00e0 l&rsquo;agitation qui r\u00e8gne aujourd&rsquo;hui dans notre patrie, plus que jamais nous regrettons l&rsquo;absence d&rsquo;unit\u00e9 de ces mouvements se proclamant pourtant en collectif mais refusant d&rsquo;\u00e9lever un d\u00e9bat qui permettrait de mieux servir la cause des femmes et non leur petit pr\u00e9 carr\u00e9.<\/p>\n\n\n\n<p class=\"has-black-color has-text-color has-link-color has-medium-font-size wp-elements-140b7d0421ff3dbeccada46daa10cc9a\">Toutes les violences faites aux femmes sont \u00e0 proscrire.<\/p>\n\n\n\n<p class=\"has-black-color has-text-color has-link-color has-medium-font-size wp-elements-67e923d72e5c9574d49709ea861cfbf4\"><strong>Amiti\u00e9s patriotes<\/strong><\/p>\n\n\n\n<p class=\"has-black-color has-text-color has-link-color has-medium-font-size wp-elements-930cf190a01876766828e74af414dbbe\"><strong>P.MAGNERON   <\/strong><\/p>\n","protected":false},"excerpt":{"rendered":"<p>Une manifestation est pr\u00e9vue ce jour \u00e0 Paris dans le cadre de la journ\u00e9e internationale&#8230;<\/p>\n","protected":false},"author":2,"featured_media":4302,"comment_status":"open","ping_status":"open","sticky":false,"template":"","format":"standard","meta":{"_EventAllDay":false,"_EventTimezone":"","_EventStartDate":"","_EventEndDate":"","_EventStartDateUTC":"","_EventEndDateUTC":"","_EventShowMap":false,"_EventShowMapLink":false,"_EventURL":"","_EventCost":"","_EventCostDescription":"","_EventCurrencySymbol":"","_EventCurrencyCode":"","_EventCurrencyPosition":"","_EventDateTimeSeparator":"","_EventTimeRangeSeparator":"","_EventOrganizerID":[],"_EventVenueID":[],"_OrganizerEmail":"","_OrganizerPhone":"","_OrganizerWebsite":"","_VenueAddress":"","_VenueCity":"","_VenueCountry":"","_VenueProvince":"","_VenueState":"","_VenueZip":"","_VenuePhone":"","_VenueURL":"","_VenueStateProvince":"","_VenueLat":"","_VenueLng":"","_VenueShowMap":false,"_VenueShowMapLink":false,"jetpack_post_was_ever_published":false,"_jetpack_newsletter_access":"","_jetpack_dont_email_post_to_subs":false,"_jetpack_newsletter_tier_id":0,"_jetpack_memberships_contains_paywalled_content":false,"_jetpack_memberships_contains_paid_content":false,"footnotes":"","jetpack_publicize_message":"","jetpack_publicize_feature_enabled":true,"jetpack_social_post_already_shared":true,"jetpack_social_options":{"image_generator_settings":{"template":"highway","default_image_id":0,"font":"","enabled":false},"version":2}},"categories":[33,11,34,24],"tags":[],"class_list":["post-4301","post","type-post","status-publish","format-standard","has-post-thumbnail","hentry","category-articles","category-editorial","category-humeur","category-social"],"jetpack_publicize_connections":[],"jetpack_featured_media_url":"https:\/\/i0.wp.com\/idnf.fr\/wp-content\/uploads\/2025\/03\/nemesis.jpg?fit=220%2C229&ssl=1","jetpack_sharing_enabled":true,"_links":{"self":[{"href":"https:\/\/idnf.fr\/index.php?rest_route=\/wp\/v2\/posts\/4301","targetHints":{"allow":["GET"]}}],"collection":[{"href":"https:\/\/idnf.fr\/index.php?rest_route=\/wp\/v2\/posts"}],"about":[{"href":"https:\/\/idnf.fr\/index.php?rest_route=\/wp\/v2\/types\/post"}],"author":[{"embeddable":true,"href":"https:\/\/idnf.fr\/index.php?rest_route=\/wp\/v2\/users\/2"}],"replies":[{"embeddable":true,"href":"https:\/\/idnf.fr\/index.php?rest_route=%2Fwp%2Fv2%2Fcomments&post=4301"}],"version-history":[{"count":1,"href":"https:\/\/idnf.fr\/index.php?rest_route=\/wp\/v2\/posts\/4301\/revisions"}],"predecessor-version":[{"id":4303,"href":"https:\/\/idnf.fr\/index.php?rest_route=\/wp\/v2\/posts\/4301\/revisions\/4303"}],"wp:featuredmedia":[{"embeddable":true,"href":"https:\/\/idnf.fr\/index.php?rest_route=\/wp\/v2\/media\/4302"}],"wp:attachment":[{"href":"https:\/\/idnf.fr\/index.php?rest_route=%2Fwp%2Fv2%2Fmedia&parent=4301"}],"wp:term":[{"taxonomy":"category","embeddable":true,"href":"https:\/\/idnf.fr\/index.php?rest_route=%2Fwp%2Fv2%2Fcategories&post=4301"},{"taxonomy":"post_tag","embeddable":true,"href":"https:\/\/idnf.fr\/index.php?rest_route=%2Fwp%2Fv2%2Ftags&post=4301"}],"curies":[{"name":"wp","href":"https:\/\/api.w.org\/{rel}","templated":true}]}}