{"id":4318,"date":"2025-03-10T08:22:59","date_gmt":"2025-03-10T07:22:59","guid":{"rendered":"https:\/\/idnf.fr\/?p=4318"},"modified":"2025-03-10T08:31:35","modified_gmt":"2025-03-10T07:31:35","slug":"pourquoi-ces-elucubrations-a-legard-de-la-russie","status":"publish","type":"post","link":"https:\/\/idnf.fr\/?p=4318","title":{"rendered":"Pourquoi ces \u00e9lucubrations \u00e0 l\u2019\u00e9gard de la Russie???"},"content":{"rendered":"\n<figure class=\"wp-block-image aligncenter size-full\"><img data-recalc-dims=\"1\" loading=\"lazy\" decoding=\"async\" width=\"200\" height=\"155\" src=\"https:\/\/i0.wp.com\/idnf.fr\/wp-content\/uploads\/2023\/12\/ROURE.jpeg?resize=200%2C155&#038;ssl=1\" alt=\"\" class=\"wp-image-1197\"\/><figcaption class=\"wp-element-caption\">G\u00e9n\u00e9ral 2S Henri ROURE<\/figcaption><\/figure>\n\n\n\n<p class=\"has-black-color has-text-color has-link-color has-medium-font-size wp-elements-f0e5daa542989dcb1aedcd813eebefd7\">Ce \u00e0 quoi nous assistons en ce moment est la v\u00e9ritable fin de la guerre froide et la dislocation d\u00e9finitive des blocs. Le pseudo-Occident est sur le point d\u2019\u00e9clater, alors que la Russie qui n\u2019est plus \u00ab des soviets \u00bb se voit offrir une revanche, sans pour autant profiter des circonstances pour reb\u00e2tir son ancien empire.<\/p>\n\n\n\n<p class=\"has-black-color has-text-color has-link-color has-medium-font-size wp-elements-b859edc25f72a8cbf1e2c0278af9253d\">La Russie sovi\u00e9tique, sans combat, avait \u00e9t\u00e9 d\u00e9faite entre 1989 et 1991, laissant les \u00c9tats-Unis s\u2019\u00e9riger en seule hyper-puissance. Les \u00c9tats-Unis disposaient subitement de la libert\u00e9 de d\u00e9ployer dans le monde leur hubris.<\/p>\n\n\n\n<p class=\"has-black-color has-text-color has-link-color has-medium-font-size wp-elements-27db262db6f94787ee201de0fe72c9f5\">Cette tentation h\u00e9g\u00e9monique s\u2019est vite traduite par l\u2019imposition de r\u00e8gles \u00e0 leur seul b\u00e9n\u00e9fice et surtout par des d\u00e9rives et perversions morales et soci\u00e9tales instill\u00e9es par ce que nous appelons l\u2019\u00c9tat profond. Elles avaient pour but d\u2019affaiblir, d\u2019unifier et de standardiser les peuples pour les soumettre au bon-vouloir d\u2019une caste transnationale mais essentiellement anglo-saxonne.<\/p>\n\n\n\n<p class=\"has-black-color has-text-color has-link-color has-medium-font-size wp-elements-03b0a131cd96f669e57955c5d5229ab5\">Pendant cette p\u00e9riode o\u00f9 les \u00c9tats-Unis tentaient de renforcer leur domination, la Russie se rapprochait des puissances europ\u00e9ennes et sous l\u2019impulsion de son pr\u00e9sident se r\u00e9organisait et se reconstruisait. D\u00e9barrass\u00e9e du fardeau de ses satellites et de son id\u00e9ologie conqu\u00e9rante, elle redevenait naturellement une puissance europ\u00e9enne. En 2000 elle demanda son adh\u00e9sion \u00e0 l\u2019OTAN que le pr\u00e9sident \u00e9tatsunien Bill Clinton rejeta.<\/p>\n\n\n\n<p class=\"has-black-color has-text-color has-link-color has-medium-font-size wp-elements-399f57ecc92f171baf5bd5c0f998a021\">Cependant les concepteurs de l\u2019h\u00e9g\u00e9monie \u00e9tatsunienne, Kissinger, Breszinsky, Kagan\u2026 et surtout Wolfowitz, aveugl\u00e9s par leur orgueil nationaliste, firent une mauvaise analyse. Ils en vinrent \u00e0 consid\u00e9rer que la Russie r\u00e9siliente \u00e9tait l\u2019h\u00e9riti\u00e8re de l\u2019URSS et allait g\u00eaner l\u2019\u00e9tablissement de la domination absolue de Washington. Il fallait donc l\u2019an\u00e9antir. Cette erreur est encore courante chez les dirigeants actuels des principaux pays europ\u00e9ens qui croient \u00e0 la menace russe. Constatons simplement que la Russie, apr\u00e8s avoir r\u00e9cup\u00e9r\u00e9 la Crim\u00e9e, en trois ans de guerre en Ukraine, n\u2019a conquis que la part de ce pays notoirement russe, le Donbass, terriblement maltrait\u00e9 par les Ukrainiens. Il est av\u00e9r\u00e9, en effet, que les attaques de l&rsquo;\u00c9tat ukrainien contre sa population russophone est \u00e0 l\u2019origine du souhait de celle-ci de demander la protection de la Russie. Par la suite le r\u00e9f\u00e9rendum, expression d\u00e9mocratique \u00e9minente, confirma massivement ce d\u00e9sir. Il contrariait le pseudo-Occident qui ne le reconnut pas. Les puissances otaniennes se r\u00e9f\u00e9raient au principe de l&rsquo;intangibilit\u00e9 des fronti\u00e8res et r\u00e9cusaient la r\u00e9f\u00e9rence que faisait la Russie \u00e0 celui du droit des peuples \u00e0 disposer d\u2019eux-m\u00eames. Ce fut sur cette conception que se fonda la l\u00e9gitimit\u00e9 de l\u2019<em>op\u00e9ration militaire sp\u00e9ciale<\/em>. Je note incidemment que le maintien du kal\u00e9idoscope des populations au sein des \u00c9tats issus du bloc de l\u2019Est est le r\u00e9sultat de l\u2019imperium sovi\u00e9tique. Moscou, pr\u00e9sentement, est sur le point de contribuer \u00e0 d\u00e9faire ce que l\u2019URSS avait tiss\u00e9\u2026<\/p>\n\n\n\n<p class=\"has-black-color has-text-color has-link-color has-medium-font-size wp-elements-358a2ec21929913c49a6d04b942b3eac\">Certes d\u2019une certaine mani\u00e8re la Russie est l\u2019h\u00e9riti\u00e8re de l\u2019URSS. On n\u2019oublie pas soixante-dix ans d\u2019un pass\u00e9 proche parce que le syst\u00e8me politique a chang\u00e9. Mais la Russie d\u2019aujourd\u2019hui d\u00e9barrass\u00e9e du marxisme, \u00e9volue dans une perspective de d\u00e9veloppement social et \u00e9conomique \u00e0 l\u2019instar des pays d\u2019Am\u00e9rique du nord et d\u2019Europe de l\u2019ouest, ce \u00e0 quoi ailleurs aspirent la plupart des nations.<\/p>\n\n\n\n<p class=\"has-black-color has-text-color has-link-color has-medium-font-size wp-elements-c87b9b9f522a90f1994bac2a5c06ece1\">Cette vision accusatoire d\u2019une Russie potentiellement belliqueuse a conduit ce pays \u00e0 trouver des alli\u00e9s ou des soutiens pour se prot\u00e9ger dans tous les domaines de la vie des peuples. C\u2019est notamment dans ce besoin d\u2019\u00e9viter un p\u00e9rilleux isolement qu\u2019elle a contribu\u00e9 \u00e0 l\u2019\u00e9mergence des BRICS.<\/p>\n\n\n\n<p class=\"has-black-color has-text-color has-link-color has-medium-font-size wp-elements-5eb48feef9cd876760e86932e5994f85\">Nous ne pouvons que constater les cons\u00e9quences de cette erreur majeure des \u00c9tats-Unis qui ont ainsi contribu\u00e9 sans le vouloir \u2013 et m\u00eame en cherchant le contraire &#8211; \u00e0 l\u2019\u00e9mergence d\u2019une r\u00e9union d\u2019\u00c9tats souverains concurrents et hostiles collectivement au pseudo-Occident. La Russie s\u2019est surtout rapproch\u00e9e de la Chine constituant th\u00e9oriquement avec elle un \u00e9norme ensemble auquel les \u00c9tats-Unis et leurs alli\u00e9s seraient bien en peine de s\u2019opposer.<\/p>\n\n\n\n<p class=\"has-black-color has-text-color has-link-color has-medium-font-size wp-elements-e000f9bdcbac03c208bccb95811b1a45\">Il a fallu la provocation des th\u00e9oriciens \u00e9tatsuniens de l\u2019application universelle de l\u2019<em>american way of life, <\/em>approuv\u00e9e par l\u2019\u00c9tat profond et les n\u00e9o-conservateurs au pouvoir \u00e0 Washington, pour que la Russie intervienne en Ukraine par son <em>op\u00e9ration militaire sp\u00e9ciale<\/em>.<\/p>\n\n\n\n<p class=\"has-black-color has-text-color has-link-color has-medium-font-size wp-elements-a4b85dd3d65a4d1e4b9e605cef1808c0\">Je rappelle bri\u00e8vement les faits. Les \u00c9tats-Unis de l\u2019administration conservatrice voyaient comme dernier obstacle \u00e0 leur domination absolue, une Russie qu\u2019ils pr\u00e9sentaient comme dangereuse.Il est vrai que la Russie, par son \u00e9tendue, est le premier \u00c9tat au monde et qu\u2019elle regorge de ressources!<\/p>\n\n\n\n<p class=\"has-black-color has-text-color has-link-color has-medium-font-size wp-elements-2de83374e617de6f75df445b6dbe71b9\">Ils envisageaient par une strat\u00e9gie indirecte de la faire totalement s\u2019effondrer, puis de la partager en plusieurs \u00c9tats qui auraient \u00e9t\u00e9 sous leur contr\u00f4le. La Russie d\u2019Europe aurait pu alors se rapprocher d\u2019une UE, d\u00e9j\u00e0 soumise par construction aux \u00c9tats-Unis. Victoria Nuland, la CIA et la NSA, ont \u00e9tay\u00e9 l\u2019id\u00e9e que l\u2019Ukraine devait int\u00e9grer l\u2019OTAN et l\u2019UE. Cette perspective \u00e9tait \u00e9videmment inacceptable pour Moscou qui aurait vu les forces otaniennes \u00e0 sa fronti\u00e8re sur pr\u00e8s de 1400 kilom\u00e8tres. Cette provocation s\u2019ajoutait au mensonge de James Baker \u00e0 Gorbatchev qui promettait que les anciens pays du Pacte de Varsovie ne rejoindraient pas l\u2019OTAN. La Russie se sentant menac\u00e9e \u2013 et elle l\u2019\u00e9tait \u2013 a \u00e9t\u00e9 contrainte d\u2019agir. Elle s\u2019est d\u00e9fendue. Au d\u00e9but du conflit, alors que les protagonistes \u00e9taient pr\u00eats \u00e0 engager des pourparlers de paix, les Occidentaux les firent capoter. Par la suite les accords de Minsk 1 et 2 s\u2019av\u00e9r\u00e8rent des entourloupes europ\u00e9ennes pour mieux armer l\u2019Ukraine.<\/p>\n\n\n\n<p class=\"has-black-color has-text-color has-link-color has-medium-font-size wp-elements-68e441434873bfabd871c1b07ea65916\">L\u2019irr\u00e9alisme des \u00c9tats-Unis sous les administrations conservatrices s\u2019av\u00e8re confondant, tout comme est d\u00e9concertante l\u2019attitude de suivisme des Europ\u00e9ens. Ce pseudo-Occident a r\u00e9ussi \u00e0 dresser contre lui une majorit\u00e9 de pays, \u00e0 renforcer \u00e9conomiquement et militairement la Russie, \u00e0 mettre en p\u00e9ril l\u2019OTAN et \u00e0 ruiner certains pays membres de l\u2019UE.<\/p>\n\n\n\n<p class=\"has-black-color has-text-color has-link-color has-medium-font-size wp-elements-38a3f6c7df457b04ff9bd2a23b6a3f2c\">Or cette affaire du c\u00f4t\u00e9 des R\u00e9publicains et de M. Trump, r\u00e9cemment \u00e9lu, a \u00e9t\u00e9 froidement analys\u00e9e. La nouvelle administration, r\u00e9aliste, pragmatique, hostile aux dangereuses d\u00e9rives de l\u2019\u00c9tat profond, a compris l\u2019inanit\u00e9 de l\u2019agressivit\u00e9 occidentale. Il faut se souvenir que Donald Trump est un homme d\u2019affaires, entour\u00e9 d\u2019hommes d\u2019affaires. C\u2019est donc un r\u00e9aliste et un pragmatique. Ce type de guerre n\u2019est rentable qu\u2019un moment. Il est conscient par ailleurs de la situation interne de son pays qui ne favorise pas les actions belliqueuses. \u00ab America first \u00bb le slogan qu\u2019il reprend, exprime autant la volont\u00e9 de maintenir le r\u00f4le des \u00c9tats-Unis dans le monde que le souhait de se pr\u00e9occuper d\u2019abord des populations et des int\u00e9r\u00eats \u00e9tatsuniens. Par ailleurs le rapprochement entre la Chine et la Russie devenait un vrai danger dans la perspective d\u2019une opposition conflictuelle avec la Chine.<\/p>\n\n\n\n<p class=\"has-black-color has-text-color has-link-color has-medium-font-size wp-elements-89d2e5bd4a6ca1de6e1889aa122ead7a\">Nous assistons donc \u00e0 un basculement du monde. Le monde unipolaire, ou plus exactement la volont\u00e9 d\u2019\u00e9tablissement d\u2019un monde unipolaire, est rejet\u00e9e rudement au profit d\u2019un monde multipolaire. Cette \u00e9volution r\u00e9pond enfin au souhait des nations.<\/p>\n\n\n\n<p class=\"has-black-color has-text-color has-link-color has-medium-font-size wp-elements-69489d2b5759e137b649b212322ff243\">Il est \u00e9tonnant que cette \u00e9volution intelligente de la position des \u00c9tats-Unis, ait abouti \u00e0 une sorte de d\u00e9couplage avec l\u2019UE. M. Macron et M. Stammer et quelques autres dirigeants europ\u00e9ens, priv\u00e9s d\u2019un facteur d\u2019unit\u00e9, mais aussi d\u2019une subordination confortable \u00e0 Washington et \u00e0 cette id\u00e9e d\u2019un monde r\u00e9uni sous des principes enseign\u00e9s par leur mentor \u00e9tasunien, r\u00e9agissent. Ils fantasment sur la menace russe, se gonflent comme la grenouille de la fable. Ils imaginent que leurs arm\u00e9es relevant toutes de l\u2019OTAN pourraient aller assurer le maintien de la paix en Ukraine, alors que l\u2019OTAN est consid\u00e9r\u00e9e par Moscou comme l\u2019agresseur. C\u2019est \u00e9videmment d\u2019une absurdit\u00e9 confondante. Ils d\u00e9cident d\u2019une augmentation spectaculaire du budget d\u2019une D\u00e9fense europ\u00e9enne et de modalit\u00e9s sp\u00e9ciales pour bizarrement \u00e9viter un impact dans les d\u00e9ficits budg\u00e9taires, en semblant ignorer au moins deux \u00e9vidences. Les arm\u00e9es ne peuvent pas \u00eatre autres que nationales et que, pour monter en puissance, il faut de tr\u00e8s nombreuses ann\u00e9es. La mobilisation massive rel\u00e8ve de temps r\u00e9volus. Le soldat est un professionnel sp\u00e9cialis\u00e9 long \u00e0 former, difficile \u00e0 recruter et qui co\u00fbte cher. Mais surtout ils occultent le fait majeur: ils n\u2019ont pas la main. Ils ne seront qu\u2019accessoires dans les n\u00e9gociations de paix, si tant est que Russie et \u00c9tats-Unis, d\u00e9sormais engag\u00e9s dans un processus de paix, les acceptent dans les n\u00e9gociations.<\/p>\n\n\n\n<p class=\"has-black-color has-text-color has-link-color has-medium-font-size wp-elements-01f6cf2ac32b77aacbbf212ac060c65f\">La France dans ce contexte nouveau, avec des dirigeants comp\u00e9tents et patriotes, pourrait se d\u00e9barrasser du fardeau de l\u2019UE et de la soumission \u00e0 l\u2019OTAN.<\/p>\n\n\n\n<p class=\"has-black-color has-text-color has-link-color has-medium-font-size wp-elements-211f4a6144534846ac8918e32f01c9e5\">De toute \u00e9vidence la Russie n\u2019est pas mena\u00e7ante. Elle a m\u00eame \u00e9t\u00e9 victime \u2013 je dis bien victime \u2013 des ambitions et des man\u0153uvres du pseudo-Occident. Dire le contraire n\u2019est que de la vulgaire propagande au travers de mensonges grossiers et r\u00e9p\u00e9t\u00e9s.<\/p>\n\n\n\n<p class=\"has-black-color has-text-color has-link-color has-medium-font-size wp-elements-17ba7dbbd918446027a179c8291b40eb\">Face \u00e0 cette implication guerri\u00e8re otanienne hypocritement voil\u00e9e sous le pr\u00e9texte fallacieux d\u2019aide \u00e0 l\u2019Ukraine, les puissances europ\u00e9ennes ont subi les cons\u00e9quences de leur perfidie et de leur alignement irr\u00e9fl\u00e9chi sur Washington. Toutes sont d\u00e9sormais en crise \u00e9conomique \u00e0 la suite de l\u2019effet retour des sanctions, unanimement approuv\u00e9es, contre la Russie. L\u2019Allemagne, pourtant alli\u00e9e fid\u00e8le des \u00c9tats-Unis et premi\u00e8re puissance \u00e9conomique du continent, a vu son industrie gravement atteinte. \u00c0 des degr\u00e9s divers les autres \u00c9tats ont \u00e9t\u00e9 impact\u00e9s par le rench\u00e9rissement du prix des hydrocarbures. Il est bien s\u00fbr d\u00fb \u00e0 des cheminements terriblement allong\u00e9s que prennent les approvisionnements en provenance indirecte de Russie et \u00e0 l\u2019obligation de se fournir en gaz de schiste aux \u00c9tats-Unis. La r\u00e9cession est l\u00e0\u2026<\/p>\n\n\n\n<p class=\"has-black-color has-text-color has-link-color has-medium-font-size wp-elements-83bad744564f6d60abad5a9c82840ace\">Quant \u00e0 la France, il est \u00e9vident que sa position de grande puissance, non anglo-saxonne \u2013 c\u2019est \u00e0 dire isol\u00e9e \u2013 lui a valu de la part de la Russie des attaques indirectes que la fragilit\u00e9 de sa gouvernance n\u2019a fait que rendre plus efficaces. La Russie ne faisait que r\u00e9agir \u00e0 la virulence de l\u2019attitude de Paris. En Afrique, pourtant un des \u00e9l\u00e9ments majeurs de sa dimension g\u00e9opolitique, la France a perdu pied. Dans au moins quatre \u00c9tats du Sahel, ses forces ont \u00e9t\u00e9 remplac\u00e9es par l\u2019<em>Africa corps<\/em>, anciennement <em>Wagner<\/em>. Dans d\u2019autres \u00c9tats, sous l\u2019action de la Russie, comme au S\u00e9n\u00e9gal et au Tchad, elle a perdu une grande partie de son r\u00f4le traditionnel\u2026Sur son propre sol elle a subi des attaques de cyber guerre ou des men\u00e9es de d\u00e9stabilisation dans ses r\u00e9gions ultramarines\u2026<\/p>\n\n\n\n<p class=\"has-black-color has-text-color has-link-color has-medium-font-size wp-elements-ebdfd981e46c70a56b529281e425d975\">Deux puissances, finalement r\u00e9colteront des b\u00e9n\u00e9fices de cette guerre. Bien \u00e9videmment les \u00c9tats-Unis qui \u00e0 moindre frais vont exploiter les ressources d\u2019une Ukraine neutralis\u00e9e et vont vendre de l\u2019armement aux Europ\u00e9ens rest\u00e9s dans leur d\u00e9lire belliqueux. L\u2019autre gagnant sera de toute \u00e9vidence la Russie rehauss\u00e9e au niveau d\u2019une tr\u00e8s grande puissance, \u00e0 l\u2019\u00e9conomie en d\u00e9veloppement soutenu et ayantconquis avec le Donbass, une r\u00e9gion parmi les plus industrieuses. Ce n\u2019est pas le moindre des paradoxes de cette guerre. Elle fut motiv\u00e9e par le souhait d\u2019abattre une puissance regard\u00e9e comme dangereuse et elle aura abouti \u00e0 faire rena\u00eetre une grande puissance\u2026<\/p>\n\n\n\n<p class=\"has-black-color has-text-color has-link-color has-medium-font-size wp-elements-9c2e0872adcfa8bda8fae2f0c9b7aa8c\">Quant \u00e0 l\u2019Organisation europ\u00e9enne elle aura montr\u00e9 ses insuffisances et m\u00eame sa nocivit\u00e9. Son existence, dans le monde multipolaire qui se profile, touche tr\u00e8s vraisemblablement \u00e0 sa fin. L\u2019OTAN risque elle aussi de faire les frais d\u2019une prise de conscience.<\/p>\n\n\n\n<p class=\"has-black-color has-text-color has-link-color has-medium-font-size wp-elements-97657b7bfddce7dcd0be3ced90716d41\">Dans cet heureux contexte la France pourra retrouver sa souverainet\u00e9 et r\u00e9orienter ses amiti\u00e9s.<\/p>\n\n\n\n<p class=\"has-black-color has-text-color has-link-color has-medium-font-size wp-elements-cdef01f2450559944d6a074d4c12be4f\">Je rappelle par quelques citations ce que le g\u00e9n\u00e9ral de Gaulle, grand connaisseur de l\u2019histoire et des peuples, disait \u00e0 propos de la Russie pendant la seconde guerre mondiale et juste apr\u00e8s.<\/p>\n\n\n\n<p class=\"has-black-color has-text-color has-link-color has-medium-font-size wp-elements-49ca55a0f4927230e358bfab3c74dd20\">\u00c0 l\u2019\u00e9gard de la Russie, il a toujours exprim\u00e9 des propos amicaux, consid\u00e9rant qu\u2019elle pouvait davantage que l\u2019Allemagne, \u00eatre l\u2019alli\u00e9e privil\u00e9gi\u00e9e de la France. Trop de griefs historiques opposaient la France et sa voisine imm\u00e9diate; beaucoup moins \u00e0 la Russie. Il l\u2019affirma \u00e0 plusieurs reprises, tout en consid\u00e9rant comme indispensable un rapprochement avec l\u2019Allemagne. Il affirma ses positions alors que le second conflit mondial se poursuivait.<\/p>\n\n\n\n<p class=\"has-black-color has-text-color has-link-color has-medium-font-size wp-elements-81b918a03e0e02a3bf546d69b6ebb9d9\">Le 20 janvier 1942, il \u00e9voqua l&rsquo;alliance franco-russe comme une \u00ab n\u00e9cessit\u00e9 que l&rsquo;on voit appara\u00eetre \u00e0 chaque tournant de l&rsquo;histoire \u00bb. Et pour sceller cette union, il envoya en Russie les aviateurs du groupe Normandie, qui deviendra le r\u00e9giment \u00ab Normandie-Ni\u00e9men \u00bb et se couvrira de gloire jusqu&rsquo;\u00e0 la victoire.<\/p>\n\n\n\n<p class=\"has-black-color has-text-color has-link-color has-medium-font-size wp-elements-0bff6f25cb3dd84a8a6bd3837f8d8f30\">Le 8 octobre 1943, \u00e0 Ajaccio, de Gaulle tira la le\u00e7on strat\u00e9gique et politique de cette lib\u00e9ration du premier d\u00e9partement de France m\u00e9tropolitaine : \u00ab Nous sommes ici au centre de cette mer latine, de cette mer qui est un des chemins vers notre alli\u00e9e naturelle, la ch\u00e8re et puissante Russie. \u00bb. Qui aujourd\u2019hui dans des gouvernements soumis \u00e0 l\u2019\u00e9tranger pourrait prononcer une phrase pourtant d\u2019un grand bon sens? Elle prolongeait la pens\u00e9e de plusieurs \u00e9crivains et politiques qui consid\u00e9raient que la France et la Russie partageaient des int\u00e9r\u00eats essentiels. Chateaubriand \u00e9crivait ainsi que \u00ab les ennemis naturels de la Russie sont aussi les ennemis naturels de la France \u00bb. Sans doute sous-entendait-il le monde anglais et le monde germanique.<\/p>\n\n\n\n<p class=\"has-black-color has-text-color has-link-color has-medium-font-size wp-elements-a925e87ed1bca7f3b3a01476fbd963e5\">Dans Paris lib\u00e9r\u00e9, de Gaulle dira, le 12 septembre 1944 :<\/p>\n\n\n\n<p class=\"has-black-color has-text-color has-link-color has-medium-font-size wp-elements-44eaceb7fd5c7eb9929117679b07fa6e\">\u00abNotre hommage s&rsquo;adresse \u00e0 la Russie sovi\u00e9tique qui, sous l&rsquo;agression de 1941, vit les arm\u00e9es allemandes s&rsquo;avancer jusqu&rsquo;aux portes de Leningrad et de Moscou et p\u00e9n\u00e9trer au fond du Caucase, mais sut trouver dans l&rsquo;admirable courage de son peuple, les vertus de ses combattants et l&rsquo;organisation de ses vastes richesses, l&rsquo;\u00e9nergie et les moyens n\u00e9cessaires pour chasser l&rsquo;envahisseur et briser dans de terribles batailles l&rsquo;essentiel de sa force guerri\u00e8re. \u00bb Au retour de son voyage de novembre \u00e0 Moscou, o\u00f9 il conclut un pacte d&rsquo;alliance et d&rsquo;assistance mutuelle, il d\u00e9crivit la Russie et la France manifestant \u00ab leur volont\u00e9 d&rsquo;\u00e9troite collaboration dans toutes mesures qui conduisent au statut de l&rsquo;Europe de demain \u00bb.<\/p>\n\n\n\n<p class=\"has-black-color has-text-color has-link-color has-medium-font-size wp-elements-680d0008d7e59fc07f93f7ade83882c9\">Il pressentit et redouta, une volont\u00e9 de r\u00e9gir l&rsquo;apr\u00e8s-guerre qui risquait de nuire \u00e0 l&rsquo;ind\u00e9pendance des pays lib\u00e9r\u00e9s des forces nazi, et d&rsquo;entra\u00eener de nouvelles rivalit\u00e9s qui remettraient en cause la paix ch\u00e8rement gagn\u00e9e.<\/p>\n\n\n\n<p class=\"has-black-color has-text-color has-link-color has-medium-font-size wp-elements-9303ea8d716906cde08f5a4770ebb2f9\">Lors d&rsquo;une conf\u00e9rence de presse du 25 octobre 1944, il r\u00e9pondit \u00e0 une question insidieuse : \u00ab Je ne crois pas qu&rsquo;il faille faire un bloc des \u00c9tats de l&rsquo;Ouest de l&rsquo;Europe. \u00bb. Il jugea s\u00e9v\u00e8rement les partisans d\u2019une f\u00e9d\u00e9ration europ\u00e9enne. A N\u00eemes, le 7 janvier 1951, il affirma : \u00ab Pour organiser l&rsquo;Europe, qu&rsquo;on la prenne donc comme elle est, c&rsquo;est-\u00e0-dire comme un ensemble form\u00e9 de peuples tr\u00e8s distincts dont chacun a, bien \u00e0 lui, son corps, son \u00e2me, son g\u00e9nie et, par suite, doit avoir ses forces. \u00bb Il dira aussi apr\u00e8s la signature \u00e0 Paris, le 27 mai 1952, du trait\u00e9 de la C.E.Dqu\u2019il s\u2019agissait pour la France d\u2019un \u00ab protocole d&rsquo;abandon \u00bb, pla\u00e7ant les forces arm\u00e9es europ\u00e9ennes sous l&rsquo;autorit\u00e9 des \u00c9tats-Unis.<\/p>\n\n\n\n<p class=\"has-black-color has-text-color has-link-color has-medium-font-size wp-elements-8b1f344a58d4e9a3cdf218b2ad04da63\">Alors qu\u2019il \u00e9tait revenu au pouvoir, le g\u00e9n\u00e9ral de Gaulle invita, en mars 1959, Khrouchtchev \u00e0 Paris. \u00c0 cette occasion il dit \u00e0 son h\u00f4te : \u00ab La Russie et la France ont eu besoin de se voir, &#8230; c\u2019est-\u00e0-dire deux nations tr\u00e8s anciennes et tr\u00e8s jeunes, filles d&rsquo;une m\u00eame m\u00e8re, l&rsquo;Europe. \u00bb<\/p>\n\n\n\n<p class=\"has-black-color has-text-color has-link-color has-medium-font-size wp-elements-5c4cc220fa25bffdfd1ba6bc1e336bbf\">Sur le sujet de la r\u00e9union des pays europ\u00e9ens, il me semble utile de le citer dans un entretien avec Alain Peyrefitte :<\/p>\n\n\n\n<p class=\"has-black-color has-text-color has-link-color has-medium-font-size wp-elements-76f8f5afc4b7c31ac2ba984b31318324\">\u00ab Nous avons v\u00e9cu bien des si\u00e8cles sans March\u00e9 commun. Nous pourrons vivre encore bien des si\u00e8cles sans march\u00e9 commun.<\/p>\n\n\n\n<p class=\"has-black-color has-text-color has-link-color has-medium-font-size wp-elements-000f3f01a45f543852d87c2ba17f2c6d\">Nous ferons du libre-\u00e9change. Notre expansion industrielle, contrairement \u00e0 ce que pr\u00e9tendent tous les imb\u00e9ciles qui p\u00e9rorent sur l&rsquo;Europe, n&rsquo;a pas besoin de March\u00e9 commun, elle a besoin du grand large. \u00bb<\/p>\n\n\n\n<p class=\"has-black-color has-text-color has-link-color has-medium-font-size wp-elements-c79911495cbece8ab0743d224df53831\">J\u2019ajoute que durant le second conflit mondial et dans l\u2019imm\u00e9diat apr\u00e8s-guerre la Russie stalinienne s\u2019est montr\u00e9e amicale avec la France, rendant ainsi t\u00e9moignage au g\u00e9n\u00e9ral de Gaulle de ses marques de solidarit\u00e9. Elle fut bien davantage favorable \u00e0 la France, que ne le fut Roosevelt et son administration qui imaginaient diriger notre pays au travers de l\u2019AMGOT et lui \u00f4ter une vaste partie du nord et de l\u2019Est de son territoire pour le f\u00e9d\u00e9rer avec des terres de nos voisins sous le nom de Wallonnia. Ce fut gr\u00e2ce \u00e0 Staline, \u00e0 Churchill et \u00e0 la force de caract\u00e8re du g\u00e9n\u00e9ral de Gaulle que la France fut reconnue comme un des cinq membres permanents du Conseil de s\u00e9curit\u00e9.<\/p>\n\n\n\n<p class=\"has-black-color has-text-color has-link-color has-medium-font-size wp-elements-a82021be2caadcc5728e636cd56197cf\">Au bilan de ce vingti\u00e8me si\u00e8cle achev\u00e9, nous devons admettre en tant que Fran\u00e7ais que la Russie nous a \u00e9t\u00e9 bien plus amicale que les \u00c9tats-Unis et plus globalement que le monde anglo-saxon.<\/p>\n\n\n\n<p class=\"has-black-color has-text-color has-link-color has-medium-font-size wp-elements-1b32fbab72ca8a9f47464d7db51e8569\">Dans notre pays il est d\u00e9sormais temps d\u2019imaginer une autre structuration de la vie politique. Une opposition entre droite et gauche n\u2019a strictement plus aucun sens. En revanche il existe une antinomie entre les partisans d\u2019un univers Wokiste, europ\u00e9iste et unipolaire et les patriotes ou souverainistes, partisans du respect des nations. Ces derniers l\u2019ont emport\u00e9 aux \u00c9tats-Unis et ailleurs. Il est fort probable qu\u2019ils gagnent en Europe et en France.<\/p>\n\n\n\n<p class=\"has-black-color has-text-color has-link-color has-medium-font-size wp-elements-4f9e0102800889041060b0f304de022f\">Dans ce bouleversement, in\u00e9vitable, la France doit avoir la sagesse de se tourner \u00e0 nouveau vers la Russie. La Russie saura oublier les fautes du gouvernement pr\u00e9sent. C\u2019est \u00e0 cette condition et dans un appui mutuel, que ces deux pays pourront influencer le cours du monde. C\u2019est aussi \u00e0 cette condition que la France pourra mener une guerre l\u00e9gitime sur son sol et ailleurs contre le vrai p\u00e9ril, celui que repr\u00e9sente l\u2019id\u00e9ologie religieuse islamique.<\/p>\n\n\n\n<p class=\"has-black-color has-text-color has-link-color has-medium-font-size wp-elements-931aef0e45f14715f3810bac90fc84ce\"><strong>GENERAL (2S) H.ROURE<\/strong><\/p>\n","protected":false},"excerpt":{"rendered":"<p>Ce \u00e0 quoi nous assistons en ce moment est la v\u00e9ritable fin de la guerre&#8230;<\/p>\n","protected":false},"author":4,"featured_media":0,"comment_status":"open","ping_status":"open","sticky":false,"template":"","format":"standard","meta":{"_EventAllDay":false,"_EventTimezone":"","_EventStartDate":"","_EventEndDate":"","_EventStartDateUTC":"","_EventEndDateUTC":"","_EventShowMap":false,"_EventShowMapLink":false,"_EventURL":"","_EventCost":"","_EventCostDescription":"","_EventCurrencySymbol":"","_EventCurrencyCode":"","_EventCurrencyPosition":"","_EventDateTimeSeparator":"","_EventTimeRangeSeparator":"","_EventOrganizerID":[],"_EventVenueID":[],"_OrganizerEmail":"","_OrganizerPhone":"","_OrganizerWebsite":"","_VenueAddress":"","_VenueCity":"","_VenueCountry":"","_VenueProvince":"","_VenueState":"","_VenueZip":"","_VenuePhone":"","_VenueURL":"","_VenueStateProvince":"","_VenueLat":"","_VenueLng":"","_VenueShowMap":false,"_VenueShowMapLink":false,"jetpack_post_was_ever_published":false,"_jetpack_newsletter_access":"","_jetpack_dont_email_post_to_subs":false,"_jetpack_newsletter_tier_id":0,"_jetpack_memberships_contains_paywalled_content":false,"_jetpack_memberships_contains_paid_content":false,"footnotes":"","jetpack_publicize_message":"","jetpack_publicize_feature_enabled":true,"jetpack_social_post_already_shared":true,"jetpack_social_options":{"image_generator_settings":{"template":"highway","default_image_id":0,"font":"","enabled":false},"version":2}},"categories":[33,11,26,22,25],"tags":[],"class_list":["post-4318","post","type-post","status-publish","format-standard","hentry","category-articles","category-editorial","category-international","category-mili","category-politique"],"jetpack_publicize_connections":[],"jetpack_featured_media_url":"","jetpack_sharing_enabled":true,"_links":{"self":[{"href":"https:\/\/idnf.fr\/index.php?rest_route=\/wp\/v2\/posts\/4318","targetHints":{"allow":["GET"]}}],"collection":[{"href":"https:\/\/idnf.fr\/index.php?rest_route=\/wp\/v2\/posts"}],"about":[{"href":"https:\/\/idnf.fr\/index.php?rest_route=\/wp\/v2\/types\/post"}],"author":[{"embeddable":true,"href":"https:\/\/idnf.fr\/index.php?rest_route=\/wp\/v2\/users\/4"}],"replies":[{"embeddable":true,"href":"https:\/\/idnf.fr\/index.php?rest_route=%2Fwp%2Fv2%2Fcomments&post=4318"}],"version-history":[{"count":1,"href":"https:\/\/idnf.fr\/index.php?rest_route=\/wp\/v2\/posts\/4318\/revisions"}],"predecessor-version":[{"id":4319,"href":"https:\/\/idnf.fr\/index.php?rest_route=\/wp\/v2\/posts\/4318\/revisions\/4319"}],"wp:attachment":[{"href":"https:\/\/idnf.fr\/index.php?rest_route=%2Fwp%2Fv2%2Fmedia&parent=4318"}],"wp:term":[{"taxonomy":"category","embeddable":true,"href":"https:\/\/idnf.fr\/index.php?rest_route=%2Fwp%2Fv2%2Fcategories&post=4318"},{"taxonomy":"post_tag","embeddable":true,"href":"https:\/\/idnf.fr\/index.php?rest_route=%2Fwp%2Fv2%2Ftags&post=4318"}],"curies":[{"name":"wp","href":"https:\/\/api.w.org\/{rel}","templated":true}]}}