{"id":433,"date":"2022-12-16T14:19:19","date_gmt":"2022-12-16T13:19:19","guid":{"rendered":"https:\/\/place-armes-idf.fr\/?p=433"},"modified":"2023-03-23T21:29:27","modified_gmt":"2023-03-23T20:29:27","slug":"pierre-yves-rougeyron","status":"publish","type":"post","link":"https:\/\/idnf.fr\/?p=433","title":{"rendered":"Pierre-Yves ROUGEYRON : Le d\u00e9litement de la France: souverainet\u00e9 et d\u00e9pendances"},"content":{"rendered":"\n<h2 class=\"wp-block-heading\"><\/h2>\n\n\n\n<h3 class=\"wp-block-heading\">9 septembre 2022<\/h3>\n\n\n\n<p> Dipl\u00f4m\u00e9 en sciences politiques \u00e0 l&rsquo;Universit\u00e9 de Paris-Assas ainsi que de l&rsquo;Ecole de Guerre Economique, Pierre-Yves Rougeyron a d\u00e9but\u00e9 sa carri\u00e8re par le militantisme dans les courants de la droite souverainiste.<\/p>\n\n\n\n<p>Proche de Paul-Marie Couteaux, ancien attach\u00e9 parlementaire de Jean-Luc Schaffhauser, &nbsp;il pr\u00f4ne la n\u00e9cessit\u00e9 pour la France de recouvrer sa souverainet\u00e9 en sortant notamment de l&rsquo;Union Europ\u00e9enne et de l&rsquo;Euro.<\/p>\n\n\n\n<p>Essayiste, politologue, il dirige le Cercle Aristote, groupe de r\u00e9flexion consacr\u00e9 \u00e0 l&rsquo;histoire et la pens\u00e9e \u00e9conomique.<\/p>\n\n\n\n<p>Il a notamment publi\u00e9 un ouvrage sur les d\u00e9sastreuses cons\u00e9quences de la financiarisation de l&rsquo;\u00e9conomie et l&rsquo;abandon du circuit du Tr\u00e9sor intitul\u00e9 \u201c<a href=\"https:\/\/lejardindeslivres.fr\/trois-janvier.htm\" target=\"_blank\" rel=\"noreferrer noopener\">Enqu\u00eate sur la Loi du 3 janvier 1973<\/a>\u201d aux Editions Le jardin des Livres.<\/p>\n\n\n\n<figure class=\"wp-block-embed is-type-video is-provider-youtube wp-block-embed-youtube wp-embed-aspect-16-9 wp-has-aspect-ratio\"><div class=\"wp-block-embed__wrapper\">\n<iframe loading=\"lazy\" title=\"Pierre-Yves Rougeyron - Le d\u00e9litement de la souverainet\u00e9 et d\u00e9pendances\" width=\"640\" height=\"360\" src=\"https:\/\/www.youtube.com\/embed\/mzu4rfehvYw?feature=oembed\" frameborder=\"0\" allow=\"accelerometer; autoplay; clipboard-write; encrypted-media; gyroscope; picture-in-picture; web-share\" referrerpolicy=\"strict-origin-when-cross-origin\" allowfullscreen><\/iframe>\n<\/div><\/figure>\n\n\n\n<figure class=\"wp-block-image size-large\"><a href=\"https:\/\/lejardindeslivres.fr\/trois-janvier.htm\"><img data-recalc-dims=\"1\" decoding=\"async\" src=\"https:\/\/i0.wp.com\/lejardindeslivres.fr\/DATA\/Loi3janv600.jpg?w=640&#038;ssl=1\" alt=\"\"\/><\/a><\/figure>\n","protected":false},"excerpt":{"rendered":"<p>9 septembre 2022 Dipl\u00f4m\u00e9 en sciences politiques \u00e0 l&rsquo;Universit\u00e9 de Paris-Assas ainsi que de l&rsquo;Ecole&#8230;<\/p>\n","protected":false},"author":1,"featured_media":460,"comment_status":"open","ping_status":"open","sticky":false,"template":"","format":"standard","meta":{"_EventAllDay":false,"_EventTimezone":"","_EventStartDate":"","_EventEndDate":"","_EventStartDateUTC":"","_EventEndDateUTC":"","_EventShowMap":false,"_EventShowMapLink":false,"_EventURL":"","_EventCost":"","_EventCostDescription":"","_EventCurrencySymbol":"","_EventCurrencyCode":"","_EventCurrencyPosition":"","_EventDateTimeSeparator":"","_EventTimeRangeSeparator":"","_EventOrganizerID":[],"_EventVenueID":[],"_OrganizerEmail":"","_OrganizerPhone":"","_OrganizerWebsite":"","_VenueAddress":"","_VenueCity":"","_VenueCountry":"","_VenueProvince":"","_VenueState":"","_VenueZip":"","_VenuePhone":"","_VenueURL":"","_VenueStateProvince":"","_VenueLat":"","_VenueLng":"","_VenueShowMap":false,"_VenueShowMapLink":false,"jetpack_post_was_ever_published":false,"_jetpack_newsletter_access":"","_jetpack_dont_email_post_to_subs":false,"_jetpack_newsletter_tier_id":0,"_jetpack_memberships_contains_paywalled_content":false,"_jetpack_memberships_contains_paid_content":false,"footnotes":"","jetpack_publicize_message":"","jetpack_publicize_feature_enabled":true,"jetpack_social_post_already_shared":false,"jetpack_social_options":{"image_generator_settings":{"template":"highway","default_image_id":0,"font":"","enabled":false},"version":2}},"categories":[33,15,20],"tags":[],"class_list":["post-433","post","type-post","status-publish","format-standard","has-post-thumbnail","hentry","category-articles","category-conferences-debats","category-delitement-de-la-france"],"jetpack_publicize_connections":[],"jetpack_featured_media_url":"https:\/\/i0.wp.com\/idnf.fr\/wp-content\/uploads\/2022\/12\/Loi3janv600.jpg?fit=600%2C977&ssl=1","jetpack_sharing_enabled":true,"_links":{"self":[{"href":"https:\/\/idnf.fr\/index.php?rest_route=\/wp\/v2\/posts\/433","targetHints":{"allow":["GET"]}}],"collection":[{"href":"https:\/\/idnf.fr\/index.php?rest_route=\/wp\/v2\/posts"}],"about":[{"href":"https:\/\/idnf.fr\/index.php?rest_route=\/wp\/v2\/types\/post"}],"author":[{"embeddable":true,"href":"https:\/\/idnf.fr\/index.php?rest_route=\/wp\/v2\/users\/1"}],"replies":[{"embeddable":true,"href":"https:\/\/idnf.fr\/index.php?rest_route=%2Fwp%2Fv2%2Fcomments&post=433"}],"version-history":[{"count":4,"href":"https:\/\/idnf.fr\/index.php?rest_route=\/wp\/v2\/posts\/433\/revisions"}],"predecessor-version":[{"id":516,"href":"https:\/\/idnf.fr\/index.php?rest_route=\/wp\/v2\/posts\/433\/revisions\/516"}],"wp:featuredmedia":[{"embeddable":true,"href":"https:\/\/idnf.fr\/index.php?rest_route=\/wp\/v2\/media\/460"}],"wp:attachment":[{"href":"https:\/\/idnf.fr\/index.php?rest_route=%2Fwp%2Fv2%2Fmedia&parent=433"}],"wp:term":[{"taxonomy":"category","embeddable":true,"href":"https:\/\/idnf.fr\/index.php?rest_route=%2Fwp%2Fv2%2Fcategories&post=433"},{"taxonomy":"post_tag","embeddable":true,"href":"https:\/\/idnf.fr\/index.php?rest_route=%2Fwp%2Fv2%2Ftags&post=433"}],"curies":[{"name":"wp","href":"https:\/\/api.w.org\/{rel}","templated":true}]}}