{"id":4360,"date":"2025-03-17T10:54:36","date_gmt":"2025-03-17T09:54:36","guid":{"rendered":"https:\/\/idnf.fr\/?p=4360"},"modified":"2025-03-29T09:45:54","modified_gmt":"2025-03-29T08:45:54","slug":"conference-debat-avec-eloise-benhammou-mardi-25-mars","status":"publish","type":"post","link":"https:\/\/idnf.fr\/?p=4360","title":{"rendered":"CONFERENCE DEBAT AVEC ELOISE BENHAMMOU MARDI 25 MARS"},"content":{"rendered":"\n<figure class=\"wp-block-image aligncenter size-full\"><img data-recalc-dims=\"1\" loading=\"lazy\" decoding=\"async\" width=\"225\" height=\"225\" src=\"https:\/\/i0.wp.com\/idnf.fr\/wp-content\/uploads\/2025\/03\/benhammou.jpg?resize=225%2C225&#038;ssl=1\" alt=\"\" class=\"wp-image-4361\" srcset=\"https:\/\/i0.wp.com\/idnf.fr\/wp-content\/uploads\/2025\/03\/benhammou.jpg?w=225&amp;ssl=1 225w, https:\/\/i0.wp.com\/idnf.fr\/wp-content\/uploads\/2025\/03\/benhammou.jpg?resize=150%2C150&amp;ssl=1 150w\" sizes=\"auto, (max-width: 225px) 100vw, 225px\" \/><\/figure>\n\n\n\n<p class=\"has-black-color has-text-color has-link-color has-medium-font-size wp-elements-77b423dd1024c888ffd52a3d6f05be5e\">INITIATIVES POUR LA DEFENSE DE LA FRANCE reprend ses conf\u00e9rences d\u00e9bat et a le plaisir de vous convier \u00e0 celle qui se tiendra mardi 25 mars prochain \u00e0 partir de 19 H 00 au 10 Rue Croix des Petits Champs.<\/p>\n\n\n\n<p class=\"has-black-color has-text-color has-link-color has-medium-font-size wp-elements-788edc63bdf6cd78193c232722364525\">Notre invit\u00e9e est Eloise BENHAMMOU.<\/p>\n\n\n\n<p class=\"has-black-color has-text-color has-link-color has-medium-font-size wp-elements-c0441fc44cdaa47aadd8d904b3e5602e\">Auteure de plusieurs livres dont une enqu\u00eate sur la \u00ab\u00a0kleptocratie fran\u00e7aise ou comment les d\u00e9p\u00f4ts bancaires, cotisations sociales et avantages sociaux des Fran\u00e7ais sont massivement vol\u00e9s par les banques avec la complicit\u00e9 absolue des politiques\u00a0\u00bb , elle viendra nous pr\u00e9senter son dernier ouvrage \u00ab\u00a0L&rsquo;affaire Swift\u00a0\u00bb publi\u00e9 aux \u00e9ditions de la Dame Blanche.<\/p>\n\n\n\n<p class=\"has-black-color has-text-color has-link-color has-medium-font-size wp-elements-86acd1501cd73a1914189223e60e675c\">Qu&rsquo;est ce que le SWIFT ? Certains d&rsquo;entre nous ont entendu pour la premi\u00e8re fois ce terme au d\u00e9but de la guerre entre l&rsquo;Ukraine et la Russie, quand les Etats-Unis pr\u00e9sid\u00e9s alors par Joe Biden avait \u00ab\u00a0coup\u00e9 le swift\u00a0\u00bb \u00e0 la Russie en guise de sanctions financi\u00e8res \u00e0 l&rsquo;encontre de l&rsquo;agresseur.<\/p>\n\n\n\n<p class=\"has-black-color has-text-color has-link-color has-medium-font-size wp-elements-c00041305c5b9f61e3b3addf169f4665\">Cet acronyme est pourtant bien utilis\u00e9 par chacun d&rsquo;entre nous, dans chacune de nos transactions bancaires puisqu&rsquo; il constitue un des \u00e9l\u00e9ments permettant l&rsquo;ouverture d&rsquo;un compte bancaire, au m\u00eame titre que l&rsquo;IBAN.<\/p>\n\n\n\n<p class=\"has-black-color has-text-color has-link-color has-medium-font-size wp-elements-4f2ccc5fefc167553a5e6768478067b3\">Ce que l&rsquo;on sait moins, c&rsquo;est qu&rsquo;au fil du temps, il est devenu un formidable outil d&rsquo;espionnage organis\u00e9 par les Etats-Unis et ce \u00e0 l&rsquo;\u00e9chelle de la plan\u00e8te, que ce soit vis-\u00e0-vis de ses ennemis que vis-\u00e0-vis des ses alli\u00e9s.<\/p>\n\n\n\n<p class=\"has-black-color has-text-color has-link-color has-medium-font-size wp-elements-65b9825a6e700c70b1294244c791ec69\">Eloise BENHAMMOU a donc men\u00e9 un enqu\u00eate passionnante au coeur de ce pouvoir bien m\u00e9connu du citoyen lambda, aussi puissant que celui d\u00e9tenu par la NSA ou la CIA et qui autorisent les Etats-Unis \u00e0 asseoir un peu plus son h\u00e9g\u00e9monie.<\/p>\n\n\n\n<p class=\"has-black-color has-text-color has-link-color has-medium-font-size wp-elements-acbcf916c9f92982275618fcadc99ab6\">A l&rsquo;issue de son intervention, vous pourrez \u00e9changer avec notre conf\u00e9renci\u00e8re d&rsquo;un soir autour d&rsquo;un verre de l&rsquo;amiti\u00e9.<\/p>\n\n\n\n<p class=\"has-black-color has-text-color has-link-color has-medium-font-size wp-elements-10ca1be1cc3a466fe7904c5ab8282193\">Venez nombreux \u00e0 cette conf\u00e9rence et inscrivez vous \u00e0 l\u2019adresse mail suivante : pmagneron@idnf.fr : ENTREE GRATUITE<\/p>\n\n\n\n<p class=\"has-black-color has-text-color has-link-color has-medium-font-size wp-elements-f8466951f6e16800e55127ac391fff03\">Nous reviendrons en introduction de cette conf\u00e9rence sur l\u2019actualit\u00e9 br\u00fblante de ces derni\u00e8res semaines et le programme d\u2019actions IDNF pour le premier semestre.<\/p>\n\n\n\n<p class=\"has-black-color has-text-color has-link-color has-medium-font-size wp-elements-67e923d72e5c9574d49709ea861cfbf4\"><strong>Amiti\u00e9s patriotes<\/strong><\/p>\n\n\n\n<p class=\"has-black-color has-text-color has-link-color has-medium-font-size wp-elements-f08a2f32dd2659b7b8a3b6ea3d9c80e7\"><strong>L&rsquo;EQUIPE IDNF<\/strong><\/p>\n","protected":false},"excerpt":{"rendered":"<p>INITIATIVES POUR LA DEFENSE DE LA FRANCE reprend ses conf\u00e9rences d\u00e9bat et a le plaisir&#8230;<\/p>\n","protected":false},"author":2,"featured_media":4361,"comment_status":"open","ping_status":"open","sticky":false,"template":"","format":"standard","meta":{"_EventAllDay":false,"_EventTimezone":"","_EventStartDate":"","_EventEndDate":"","_EventStartDateUTC":"","_EventEndDateUTC":"","_EventShowMap":false,"_EventShowMapLink":false,"_EventURL":"","_EventCost":"","_EventCostDescription":"","_EventCurrencySymbol":"","_EventCurrencyCode":"","_EventCurrencyPosition":"","_EventDateTimeSeparator":"","_EventTimeRangeSeparator":"","_EventOrganizerID":[],"_EventVenueID":[],"_OrganizerEmail":"","_OrganizerPhone":"","_OrganizerWebsite":"","_VenueAddress":"","_VenueCity":"","_VenueCountry":"","_VenueProvince":"","_VenueState":"","_VenueZip":"","_VenuePhone":"","_VenueURL":"","_VenueStateProvince":"","_VenueLat":"","_VenueLng":"","_VenueShowMap":false,"_VenueShowMapLink":false,"jetpack_post_was_ever_published":false,"_jetpack_newsletter_access":"","_jetpack_dont_email_post_to_subs":false,"_jetpack_newsletter_tier_id":0,"_jetpack_memberships_contains_paywalled_content":false,"_jetpack_memberships_contains_paid_content":false,"footnotes":"","jetpack_publicize_message":"","jetpack_publicize_feature_enabled":true,"jetpack_social_post_already_shared":true,"jetpack_social_options":{"image_generator_settings":{"template":"highway","default_image_id":0,"font":"","enabled":false},"version":2}},"categories":[33,15,11,1],"tags":[],"class_list":["post-4360","post","type-post","status-publish","format-standard","has-post-thumbnail","hentry","category-articles","category-conferences-debats","category-editorial","category-non-classe"],"jetpack_publicize_connections":[],"jetpack_featured_media_url":"https:\/\/i0.wp.com\/idnf.fr\/wp-content\/uploads\/2025\/03\/benhammou.jpg?fit=225%2C225&ssl=1","jetpack_sharing_enabled":true,"_links":{"self":[{"href":"https:\/\/idnf.fr\/index.php?rest_route=\/wp\/v2\/posts\/4360","targetHints":{"allow":["GET"]}}],"collection":[{"href":"https:\/\/idnf.fr\/index.php?rest_route=\/wp\/v2\/posts"}],"about":[{"href":"https:\/\/idnf.fr\/index.php?rest_route=\/wp\/v2\/types\/post"}],"author":[{"embeddable":true,"href":"https:\/\/idnf.fr\/index.php?rest_route=\/wp\/v2\/users\/2"}],"replies":[{"embeddable":true,"href":"https:\/\/idnf.fr\/index.php?rest_route=%2Fwp%2Fv2%2Fcomments&post=4360"}],"version-history":[{"count":3,"href":"https:\/\/idnf.fr\/index.php?rest_route=\/wp\/v2\/posts\/4360\/revisions"}],"predecessor-version":[{"id":4364,"href":"https:\/\/idnf.fr\/index.php?rest_route=\/wp\/v2\/posts\/4360\/revisions\/4364"}],"wp:featuredmedia":[{"embeddable":true,"href":"https:\/\/idnf.fr\/index.php?rest_route=\/wp\/v2\/media\/4361"}],"wp:attachment":[{"href":"https:\/\/idnf.fr\/index.php?rest_route=%2Fwp%2Fv2%2Fmedia&parent=4360"}],"wp:term":[{"taxonomy":"category","embeddable":true,"href":"https:\/\/idnf.fr\/index.php?rest_route=%2Fwp%2Fv2%2Fcategories&post=4360"},{"taxonomy":"post_tag","embeddable":true,"href":"https:\/\/idnf.fr\/index.php?rest_route=%2Fwp%2Fv2%2Ftags&post=4360"}],"curies":[{"name":"wp","href":"https:\/\/api.w.org\/{rel}","templated":true}]}}