{"id":4454,"date":"2025-04-05T11:32:22","date_gmt":"2025-04-05T09:32:22","guid":{"rendered":"https:\/\/idnf.fr\/?p=4454"},"modified":"2025-04-05T11:32:24","modified_gmt":"2025-04-05T09:32:24","slug":"trump-et-les-droits-de-douane-une-folie-ou-une-veritable-strategie","status":"publish","type":"post","link":"https:\/\/idnf.fr\/?p=4454","title":{"rendered":"Trump et les droits de douane : une folie ou une v\u00e9ritable strat\u00e9gie ?"},"content":{"rendered":"\n<p class=\"has-black-color has-text-color has-link-color has-medium-font-size wp-elements-318579a124154e0cbc44402678f7ad40\">Depuis son intronisation en janvier dernier au poste tant d\u00e9sir\u00e9 de pr\u00e9sident des Etats-Unis, Donald ne cesse les outrances verbales, les bravades diplomatiques, bouche en cul de poule ponctuant chacune de ses menaces ou incantations et d\u00e9clame \u00e0 la face du monde entier tout le bien qu&rsquo;il pense de lui. Pour un peu, en mati\u00e8re de provocations, il arriverait presque \u00e0 la cheville d\u00e9sormais d\u00e9cor\u00e9e d&rsquo;un bracelet dernier cri de Nicolas le Petit ou de celle du futur justiciable Jupiter Elys\u00e9en.<\/p>\n\n\n\n<figure class=\"wp-block-image aligncenter size-full\"><img data-recalc-dims=\"1\" loading=\"lazy\" decoding=\"async\" width=\"180\" height=\"168\" src=\"https:\/\/i0.wp.com\/idnf.fr\/wp-content\/uploads\/2025\/04\/Trump-en-cul-de-poule.jpg?resize=180%2C168&#038;ssl=1\" alt=\"\" class=\"wp-image-4456\"\/><\/figure>\n\n\n\n<p class=\"has-black-color has-text-color has-link-color has-medium-font-size wp-elements-fd183652d194663e357b3260b058eb13\">A en croire ses d\u00e9tracteurs (et ils sont nombreux), si Joe Biden avait vraisemblablement fait le mandat de trop au regard d&rsquo;une s\u00e9nilit\u00e9 avanc\u00e9e, Donald se comporterait plut\u00f4t comme un fou qu&rsquo;il serait bon d&rsquo;enfermer. Et je menace Panama, et j&rsquo;annexe le Canada et le Groenland, et j&rsquo;attaque l&rsquo;Union Europ\u00e9enne et la Chine, et je fais copain-copain avec Poupou pour le partage du monde&#8230; Cette offensive tous azimuts a de quoi effectivement interrog\u00e9 sur la sant\u00e9 mentale d&rsquo;un homme, certes habitu\u00e9 aux \u00ab\u00a0deals\u00a0\u00bb, aux coups de force mais qui semble avoir oubli\u00e9 qu&rsquo;il n&rsquo;est pas seul sur terre et qu&rsquo;il faudra bien composer, t\u00f4t ou tard, avec ses homologues.<\/p>\n\n\n\n<p class=\"has-black-color has-text-color has-link-color has-medium-font-size wp-elements-795fe71f647619f6cc12755281d29d8a\">Son dernier oukaze, sa derni\u00e8re lubie, celle qui doit remettre les pendules \u00e0 l&rsquo;heure, les comptes \u00e0 zero concerne l&rsquo;application de nouveaux droits de douane particuli\u00e8rement cors\u00e9s notamment pour l&rsquo;Ile de Norfolk d\u00e9sormais surtax\u00e9e \u00e0 46 % et dont nous apprenons par la voix du locataire de la Maison-Blanche que cette minuscule \u00eele repr\u00e9sente \u00e0 coup sur un danger pour l&rsquo;h\u00e9g\u00e9monie US et sans nul doute un frein dans l&rsquo;accomplissement du MAGA.<\/p>\n\n\n\n<p class=\"has-black-color has-text-color has-link-color has-medium-font-size wp-elements-d6caf83ba026b651eccad2451fa1cd68\">De prime abord, tout cela para\u00eet idiot pour ne pas \u00e9crire d\u00e9bile. D&rsquo;ailleurs depuis cette semaine, les \u00e9conomistes de plateau se succ\u00e8dent les uns apr\u00e8s les autres pour nous expliquer combien la d\u00e9marche am\u00e9ricaine n&rsquo;a rien d&rsquo;intelligible, que cela va provoquer un ralentissement de la croissance \u00e9conomique, que ce protectionnisme qui ne dit pas son nom conduira d&rsquo;abord les Etats-Unis, d\u00e9j\u00e0 fragilis\u00e9s, au bord de l&rsquo;ab\u00eeme et que, couillu pour couillu, nous devons agir promptement et appliquer des mesures de r\u00e9torsion au moins aussi fortes. Non mais&#8230;<\/p>\n\n\n\n<p class=\"has-black-color has-text-color has-link-color has-medium-font-size wp-elements-cd4d7106eb1d4675dc1ed7c6dbeb8054\">Passez ce moment de passion, raisonnons quelques instants. Que Donald soit bien rentr\u00e9 dans le personnage du petit canard col\u00e9rique de Disney, soit. Mais que je sache, cet homme est entour\u00e9 d&rsquo;une cohorte de conseillers divers et vari\u00e9s, dont certains, quoiqu&rsquo;on en dise, sont tout droit sortis des meilleures universit\u00e9s am\u00e9ricaines dont les louanges ne sont plus \u00e0 chanter. Ses sp\u00e9cialistes se planteraient-ils tous sur le bien fond\u00e9 de leurs mesures \u00e9conomiques ? Rien n&rsquo;est moins sur.<\/p>\n\n\n\n<p class=\"has-black-color has-text-color has-link-color has-medium-font-size wp-elements-c944f7f6ec8d6841adb0a419d993a709\">Depuis le premier mandat exerc\u00e9 par Trump, nous savons que la forme participe largement au fond de sa politique et \u00e0 la fa\u00e7on, certes grossi\u00e8re, d&rsquo;un commercial ou vendeur de tapis, ce c\u00f4t\u00e9 \u00ab\u00a0rentre dedans\u00a0\u00bb est aussi une fa\u00e7on pour Trump de tester l&rsquo;adversaire. Pour mieux le comprendre et donc agir, il est donc indispensable, d&rsquo;identifier ses objectifs.<\/p>\n\n\n\n<p class=\"has-black-color has-text-color has-link-color has-medium-font-size wp-elements-b5893bbbfdf2a8ab1c270bd266417551\">Voici plusieurs axes de r\u00e9flexion que je vous soumets pour ce week-end.<\/p>\n\n\n\n<p class=\"has-black-color has-text-color has-link-color has-medium-font-size wp-elements-75a262572fae0a7050ead6349a9e74d2\">L&rsquo;application des droits de douane au monde entier n&rsquo;est-il pas une fa\u00e7on, en premier lieu, d&rsquo;augmenter ses recettes fiscales. Et de fait, de faire payer \u00e0 l'\u00a0\u00bb\u00e9tranger\u00a0\u00bb ce que les \u00ab\u00a0locaux\u00a0\u00bb payent en pr\u00e9l\u00e8vements obligatoires (sociaux et fiscaux). Prenons un exemple simple. En important des produits chinois deux \u00e0 trois fois moins chers que ceux produits en France, non seulement nous importons une forme de pauvret\u00e9, mais en plus nous paup\u00e9risons notre population qui ,pour s&rsquo;en sortir, n&rsquo;a d&rsquo;autres choix que de demander toujours plus et encore de la protection sociale. Qui co\u00fbte cher en mati\u00e8re budg\u00e9taire&#8230;<\/p>\n\n\n\n<p class=\"has-black-color has-text-color has-link-color has-medium-font-size wp-elements-ad973f1a6692bf0006f800b5cfd368cb\">Le second point non \u00e9voqu\u00e9 par nos conseillers de plateau t\u00e9l\u00e9 (mais bon depuis la p\u00e9riode COVID, on est en droit d&rsquo;avoir des doutes&#8230;) est celui de l&rsquo;impact certain de l&rsquo;application de ces droits de douane sur le dollar. C&rsquo;est souvent oubli\u00e9 mais la dollarisation du monde constitue une source de probl\u00e8mes pour les Etats-Unis en ce sens que bon nombre de banques centrales (\u00e0 commencer par les Chinois) en regorgent et contribuent (en tout cas aujourd&rsquo;hui) \u00e0 sur\u00e9valuer la monnaie am\u00e9ricaine. De fait, la politique des droits de douane ne contribuera t-elle pas \u00e0 forcer les banques \u00ab\u00a0partenaires\u00a0\u00bb \u00e0 r\u00e9duire les r\u00e9serves en dollar et par voie de cons\u00e9quence augmenter la valeur de leur propre monnaie ? N&rsquo;assistons nous pas \u00e0 un d\u00e9dollarisation du monde ?<\/p>\n\n\n\n<p class=\"has-black-color has-text-color has-link-color has-medium-font-size wp-elements-0320f88746b24dc51008471804eb24a1\">L&rsquo;affaire n&rsquo;est donc pas aussi simple que cela et l&rsquo;erreur \u00e0 ne pas commettre serait de consid\u00e9rer que les saillies verbales de Trump semblent incontr\u00f4l\u00e9es quand elle repose, en d\u00e9finitive, sur une strat\u00e9gie clairement \u00e9tablie.<\/p>\n\n\n\n<p class=\"has-black-color has-text-color has-link-color has-medium-font-size wp-elements-67e923d72e5c9574d49709ea861cfbf4\"><strong>Amiti\u00e9s patriotes<\/strong><\/p>\n\n\n\n<p class=\"has-medium-font-size\"><strong>P.MAGNERON<\/strong><\/p>\n","protected":false},"excerpt":{"rendered":"<p>Depuis son intronisation en janvier dernier au poste tant d\u00e9sir\u00e9 de pr\u00e9sident des Etats-Unis, Donald&#8230;<\/p>\n","protected":false},"author":2,"featured_media":4456,"comment_status":"open","ping_status":"open","sticky":false,"template":"","format":"standard","meta":{"_EventAllDay":false,"_EventTimezone":"","_EventStartDate":"","_EventEndDate":"","_EventStartDateUTC":"","_EventEndDateUTC":"","_EventShowMap":false,"_EventShowMapLink":false,"_EventURL":"","_EventCost":"","_EventCostDescription":"","_EventCurrencySymbol":"","_EventCurrencyCode":"","_EventCurrencyPosition":"","_EventDateTimeSeparator":"","_EventTimeRangeSeparator":"","_EventOrganizerID":[],"_EventVenueID":[],"_OrganizerEmail":"","_OrganizerPhone":"","_OrganizerWebsite":"","_VenueAddress":"","_VenueCity":"","_VenueCountry":"","_VenueProvince":"","_VenueState":"","_VenueZip":"","_VenuePhone":"","_VenueURL":"","_VenueStateProvince":"","_VenueLat":"","_VenueLng":"","_VenueShowMap":false,"_VenueShowMapLink":false,"jetpack_post_was_ever_published":false,"_jetpack_newsletter_access":"","_jetpack_dont_email_post_to_subs":false,"_jetpack_newsletter_tier_id":0,"_jetpack_memberships_contains_paywalled_content":false,"_jetpack_memberships_contains_paid_content":false,"footnotes":"","jetpack_publicize_message":"","jetpack_publicize_feature_enabled":true,"jetpack_social_post_already_shared":true,"jetpack_social_options":{"image_generator_settings":{"template":"highway","default_image_id":0,"font":"","enabled":false},"version":2}},"categories":[33,23,11,26,25],"tags":[],"class_list":["post-4454","post","type-post","status-publish","format-standard","has-post-thumbnail","hentry","category-articles","category-economie","category-editorial","category-international","category-politique"],"jetpack_publicize_connections":[],"jetpack_featured_media_url":"https:\/\/i0.wp.com\/idnf.fr\/wp-content\/uploads\/2025\/04\/Trump-en-cul-de-poule.jpg?fit=180%2C168&ssl=1","jetpack_sharing_enabled":true,"_links":{"self":[{"href":"https:\/\/idnf.fr\/index.php?rest_route=\/wp\/v2\/posts\/4454","targetHints":{"allow":["GET"]}}],"collection":[{"href":"https:\/\/idnf.fr\/index.php?rest_route=\/wp\/v2\/posts"}],"about":[{"href":"https:\/\/idnf.fr\/index.php?rest_route=\/wp\/v2\/types\/post"}],"author":[{"embeddable":true,"href":"https:\/\/idnf.fr\/index.php?rest_route=\/wp\/v2\/users\/2"}],"replies":[{"embeddable":true,"href":"https:\/\/idnf.fr\/index.php?rest_route=%2Fwp%2Fv2%2Fcomments&post=4454"}],"version-history":[{"count":2,"href":"https:\/\/idnf.fr\/index.php?rest_route=\/wp\/v2\/posts\/4454\/revisions"}],"predecessor-version":[{"id":4457,"href":"https:\/\/idnf.fr\/index.php?rest_route=\/wp\/v2\/posts\/4454\/revisions\/4457"}],"wp:featuredmedia":[{"embeddable":true,"href":"https:\/\/idnf.fr\/index.php?rest_route=\/wp\/v2\/media\/4456"}],"wp:attachment":[{"href":"https:\/\/idnf.fr\/index.php?rest_route=%2Fwp%2Fv2%2Fmedia&parent=4454"}],"wp:term":[{"taxonomy":"category","embeddable":true,"href":"https:\/\/idnf.fr\/index.php?rest_route=%2Fwp%2Fv2%2Fcategories&post=4454"},{"taxonomy":"post_tag","embeddable":true,"href":"https:\/\/idnf.fr\/index.php?rest_route=%2Fwp%2Fv2%2Ftags&post=4454"}],"curies":[{"name":"wp","href":"https:\/\/api.w.org\/{rel}","templated":true}]}}