{"id":451,"date":"2022-12-20T13:51:24","date_gmt":"2022-12-20T12:51:24","guid":{"rendered":"https:\/\/place-armes-idf.fr\/?p=451"},"modified":"2024-03-08T15:37:16","modified_gmt":"2024-03-08T14:37:16","slug":"lettre-des-generaux","status":"publish","type":"post","link":"https:\/\/idnf.fr\/?p=451","title":{"rendered":"Lettre des G\u00e9n\u00e9raux"},"content":{"rendered":"\n<h2 class=\"wp-block-heading\">Lettre aux gouvernants, dite \u00ab\u00a0Tribune des G\u00e9n\u00e9raux\u00a0\u00bb<\/h2>\n\n\n\n<h3 class=\"wp-block-heading\">21 avril 2021<\/h3>\n\n\n\n<figure class=\"wp-block-embed is-type-video is-provider-youtube wp-block-embed-youtube wp-embed-aspect-16-9 wp-has-aspect-ratio\"><div class=\"wp-block-embed__wrapper\">\n<iframe loading=\"lazy\" title=\"Lettre Ouverte des G\u00e9n\u00e9raux - Lecture compl\u00e8te\" width=\"640\" height=\"360\" src=\"https:\/\/www.youtube.com\/embed\/lYxW22wI0Kg?feature=oembed\" frameborder=\"0\" allow=\"accelerometer; autoplay; clipboard-write; encrypted-media; gyroscope; picture-in-picture; web-share\" referrerpolicy=\"strict-origin-when-cross-origin\" allowfullscreen><\/iframe>\n<\/div><\/figure>\n\n\n\n<p>Monsieur le Pr\u00e9sident,<\/p>\n\n\n\n<p>Mesdames, Messieurs du Gouvernement,<\/p>\n\n\n\n<p>Mesdames, Messieurs les parlementaires,&nbsp;<\/p>\n\n\n\n<p><\/p>\n\n\n\n<p>L\u2019heure est grave, la France est en p\u00e9ril, plusieurs dangers mortels la menacent. Nous qui, m\u00eame \u00e0 la retraite, restons des soldats de France, ne pouvons, dans les circonstances actuelles, demeurer indiff\u00e9rents au sort de notre beau pays.<\/p>\n\n\n\n<p>Nos drapeaux tricolores ne sont pas simplement un morceau d\u2019\u00e9toffe, ils symbolisent la tradition, \u00e0 travers les \u00e2ges, de ceux qui, quelles que soient leurs couleurs de peau ou leurs confessions, ont servi la France et ont donn\u00e9 leur vie pour elle. Sur ces drapeaux, nous trouvons en lettres d\u2019or les mots \u201cHonneur et Patrie\u201d. Or notre honneur aujourd\u2019hui tient dans la d\u00e9nonciation du d\u00e9litement qui frappe notre patrie.&nbsp;<\/p>\n\n\n\n<p>\u2013 D\u00e9litement qui, \u00e0 travers un certain antiracisme, s\u2019affiche dans un seul but : cr\u00e9er sur notre sol un mal-\u00eatre, voire une haine entre les communaut\u00e9s. Aujourd\u2019hui certains parlent de racialisme, d\u2019indig\u00e9nisme et de th\u00e9ories d\u00e9coloniales, mais, \u00e0 travers ces termes, c\u2019est la guerre raciale que veulent ces partisans haineux et fanatiques. Ils m\u00e9prisent notre pays, ses traditions, sa culture, et veulent le voir se dissoudre en lui arrachant son pass\u00e9 et son histoire. Ainsi s\u2019en prennent-ils, par le biais de statues, \u00e0 d\u2019anciennes gloires militaires et civiles en analysant des propos vieux de plusieurs si\u00e8cles.<\/p>\n\n\n\n<p>\u2013 D\u00e9litement qui, avec l\u2019islamisme et les hordes de banlieue, entra\u00eene le d\u00e9tachement de multiples parcelles de la nation pour les transformer en territoires soumis \u00e0 des dogmes contraires \u00e0 notre constitution. Or chaque Fran\u00e7ais, quelle que soit sa croyance ou sa non-croyance, est partout chez lui dans l\u2019Hexagone ; il ne peut et ne doit exister aucune ville, aucun quartier o\u00f9 les lois de la R\u00e9publique ne s\u2019appliquent pas.<\/p>\n\n\n\n<p>\u2013 D\u00e9litement, car la haine prend le pas sur la fraternit\u00e9 lors de manifestations o\u00f9 le pouvoir utilise les forces de l\u2019ordre comme agent suppl\u00e9tif et bouc \u00e9missaire face \u00e0 des Fran\u00e7ais en gilets jaunes exprimant leurs d\u00e9sespoirs. Ceci alors que des individus infiltr\u00e9s et encagoul\u00e9s saccagent des commerces et menacent ces m\u00eames forces de l\u2019ordre. Pourtant, ces derni\u00e8res ne font qu\u2019appliquer les directives, parfois contradictoires, donn\u00e9es par vous, gouvernants.<\/p>\n\n\n\n<p>Les p\u00e9rils montent, la violence s\u2019accro\u00eet de jour en jour. Qui aurait pr\u00e9dit il y a dix ans qu\u2019un professeur serait un jour d\u00e9capit\u00e9 \u00e0 la sortie de son coll\u00e8ge ? Or nous, serviteurs de la Nation, qui avons toujours \u00e9t\u00e9 pr\u00eats \u00e0 mettre notre peau au bout de notre engagement \u2013 comme l\u2019exigeait notre \u00e9tat militaire, ne pouvons \u00eatre devant de tels agissements, des spectateurs passifs.<\/p>\n\n\n\n<p>Aussi ceux qui dirigent notre pays doivent imp\u00e9rativement trouver le courage n\u00e9cessaire \u00e0 l\u2019\u00e9radication de ces dangers. Pour cela, il suffit souvent d\u2019appliquer sans faiblesse des lois qui existent d\u00e9j\u00e0. N\u2019oubliez pas que, comme nous, une grande majorit\u00e9 de nos concitoyens est exc\u00e9d\u00e9e par vos louvoiements et vos silences coupables.<\/p>\n\n\n\n<p>&nbsp;Comme le disait le cardinal Mercier, primat de Belgique : \u00ab Quand la prudence est partout, le courage n\u2019est nulle part. \u00bb Alors, Mesdames, Messieurs, assez d\u2019atermoiements, l\u2019heure est grave, le travail est colossal ; ne perdez pas de temps et sachez que nous sommes dispos\u00e9s \u00e0 soutenir les politiques qui prendront en consid\u00e9ration la sauvegarde de la nation.&nbsp;<\/p>\n\n\n\n<p>Par contre, si rien n\u2019est entrepris, le laxisme continuera \u00e0 se r\u00e9pandre inexorablement dans la soci\u00e9t\u00e9, provoquant, au final une explosion et l\u2019intervention de nos camarades d\u2019active dans une mission p\u00e9rilleuse de protection de nos valeurs civilisationnelles et de sauvegarde de nos compatriotes sur le territoire national.<\/p>\n\n\n\n<p>On le voit, il n\u2019est plus temps de tergiverser sinon, demain la guerre civile mettra un terme \u00e0 ce chaos croissant, et les morts, dont vous porterez la responsabilit\u00e9, se compteront par milliers.<\/p>\n\n\n\n<p>\u200b<\/p>\n\n\n\n<p>R\u00e9dacteur :<\/p>\n\n\n\n<p>Capitaine Jean-Pierre FABRE \u2013 BERNADAC<\/p>\n\n\n\n<p>Ancien officier de l\u2019Arm\u00e9e de Terre et de la Gendarmerie, auteur de 9 ouvrages<\/p>\n","protected":false},"excerpt":{"rendered":"<p>Lettre aux gouvernants, dite \u00ab\u00a0Tribune des G\u00e9n\u00e9raux\u00a0\u00bb 21 avril 2021 Monsieur le Pr\u00e9sident, Mesdames, Messieurs&#8230;<\/p>\n","protected":false},"author":1,"featured_media":0,"comment_status":"open","ping_status":"open","sticky":false,"template":"","format":"standard","meta":{"_EventAllDay":false,"_EventTimezone":"","_EventStartDate":"","_EventEndDate":"","_EventStartDateUTC":"","_EventEndDateUTC":"","_EventShowMap":false,"_EventShowMapLink":false,"_EventURL":"","_EventCost":"","_EventCostDescription":"","_EventCurrencySymbol":"","_EventCurrencyCode":"","_EventCurrencyPosition":"","_EventDateTimeSeparator":"","_EventTimeRangeSeparator":"","_EventOrganizerID":[],"_EventVenueID":[],"_OrganizerEmail":"","_OrganizerPhone":"","_OrganizerWebsite":"","_VenueAddress":"","_VenueCity":"","_VenueCountry":"","_VenueProvince":"","_VenueState":"","_VenueZip":"","_VenuePhone":"","_VenueURL":"","_VenueStateProvince":"","_VenueLat":"","_VenueLng":"","_VenueShowMap":false,"_VenueShowMapLink":false,"jetpack_post_was_ever_published":false,"_jetpack_newsletter_access":"","_jetpack_dont_email_post_to_subs":false,"_jetpack_newsletter_tier_id":0,"_jetpack_memberships_contains_paywalled_content":false,"_jetpack_memberships_contains_paid_content":false,"footnotes":"","jetpack_publicize_message":"","jetpack_publicize_feature_enabled":true,"jetpack_social_post_already_shared":false,"jetpack_social_options":{"image_generator_settings":{"template":"highway","default_image_id":0,"font":"","enabled":false},"version":2}},"categories":[33],"tags":[],"class_list":["post-451","post","type-post","status-publish","format-standard","hentry","category-articles"],"jetpack_publicize_connections":[],"jetpack_featured_media_url":"","jetpack_sharing_enabled":true,"_links":{"self":[{"href":"https:\/\/idnf.fr\/index.php?rest_route=\/wp\/v2\/posts\/451","targetHints":{"allow":["GET"]}}],"collection":[{"href":"https:\/\/idnf.fr\/index.php?rest_route=\/wp\/v2\/posts"}],"about":[{"href":"https:\/\/idnf.fr\/index.php?rest_route=\/wp\/v2\/types\/post"}],"author":[{"embeddable":true,"href":"https:\/\/idnf.fr\/index.php?rest_route=\/wp\/v2\/users\/1"}],"replies":[{"embeddable":true,"href":"https:\/\/idnf.fr\/index.php?rest_route=%2Fwp%2Fv2%2Fcomments&post=451"}],"version-history":[{"count":2,"href":"https:\/\/idnf.fr\/index.php?rest_route=\/wp\/v2\/posts\/451\/revisions"}],"predecessor-version":[{"id":456,"href":"https:\/\/idnf.fr\/index.php?rest_route=\/wp\/v2\/posts\/451\/revisions\/456"}],"wp:attachment":[{"href":"https:\/\/idnf.fr\/index.php?rest_route=%2Fwp%2Fv2%2Fmedia&parent=451"}],"wp:term":[{"taxonomy":"category","embeddable":true,"href":"https:\/\/idnf.fr\/index.php?rest_route=%2Fwp%2Fv2%2Fcategories&post=451"},{"taxonomy":"post_tag","embeddable":true,"href":"https:\/\/idnf.fr\/index.php?rest_route=%2Fwp%2Fv2%2Ftags&post=451"}],"curies":[{"name":"wp","href":"https:\/\/api.w.org\/{rel}","templated":true}]}}