{"id":457,"date":"2022-12-23T13:35:01","date_gmt":"2022-12-23T12:35:01","guid":{"rendered":"https:\/\/place-armes-idf.fr\/?p=457"},"modified":"2023-03-23T21:26:37","modified_gmt":"2023-03-23T20:26:37","slug":"jean-paul-brighelli","status":"publish","type":"post","link":"https:\/\/idnf.fr\/?p=457","title":{"rendered":"Jean-Paul BRIGHELLI : Le d\u00e9litement de l&rsquo;enseignement"},"content":{"rendered":"\n<h2 class=\"wp-block-heading\"><\/h2>\n\n\n\n<h3 class=\"wp-block-heading\">13 d\u00e9cembre 2022<\/h3>\n\n\n\n<figure class=\"wp-block-embed is-type-video is-provider-youtube wp-block-embed-youtube wp-embed-aspect-16-9 wp-has-aspect-ratio\"><div class=\"wp-block-embed__wrapper\">\n<iframe loading=\"lazy\" title=\"Jean Paul BRIGHELLI - Le d\u00e9litement de l&#039;enseignement en France\" width=\"640\" height=\"360\" src=\"https:\/\/www.youtube.com\/embed\/3bCPbKf1xWA?feature=oembed\" frameborder=\"0\" allow=\"accelerometer; autoplay; clipboard-write; encrypted-media; gyroscope; picture-in-picture; web-share\" referrerpolicy=\"strict-origin-when-cross-origin\" allowfullscreen><\/iframe>\n<\/div><\/figure>\n\n\n\n<p> Enseignant dans le secondaire et en classes pr\u00e9paratoires aux grandes \u00e9coles (CPGE), Jean-Paul Brighelli a \u00e9crit de nombreux ouvrages p\u00e9dagogiques destin\u00e9s aux lyc\u00e9ens et \u00e9tudiants.<\/p>\n\n\n\n<p>Il est aussi l\u2019auteur d\u2019essais sur des \u00e9crivains (Sade, Alexandre Dumas, Maupassant, Malraux\u2026) et sur des oeuvres litt\u00e9raires (Les liaisons dangereuses).<\/p>\n\n\n\n<p>Mais c\u2019est surtout en 2005 avec la parution de son livre \u00ab&nbsp;La fabrique du cr\u00e9tin que Jean-Paul Brighelli lance un pav\u00e9 dans la mare en d\u00e9non\u00e7ant le d\u00e9clin du syst\u00e8me scolaire fran\u00e7ais.<\/p>\n\n\n\n<p>Plusieurs autres ouvrages suivront, tous abordant ce d\u00e9clin tout en cherchant \u00e0 y apporter des solutions : \u201c\u00c0 bonne \u00e9cole\u201d en avril 2006, \u201cUne \u00e9cole sous influence ou Tartuffe-Roi\u201d en octobre 2006 puis \u201cFin de r\u00e9cr\u00e9\u201d en 2008.<\/p>\n\n\n\n<p>Enfin, en mars 2022, une suite \u00e0 son best-seller est \u00e9dit\u00e9e sous le titre \u201cLa Fabrique du cr\u00e9tin \u2014 Vers l\u2019apocalypse scolaire\u201d.<\/p>\n","protected":false},"excerpt":{"rendered":"<p>13 d\u00e9cembre 2022 Enseignant dans le secondaire et en classes pr\u00e9paratoires aux grandes \u00e9coles (CPGE),&#8230;<\/p>\n","protected":false},"author":1,"featured_media":459,"comment_status":"open","ping_status":"open","sticky":false,"template":"","format":"standard","meta":{"_EventAllDay":false,"_EventTimezone":"","_EventStartDate":"","_EventEndDate":"","_EventStartDateUTC":"","_EventEndDateUTC":"","_EventShowMap":false,"_EventShowMapLink":false,"_EventURL":"","_EventCost":"","_EventCostDescription":"","_EventCurrencySymbol":"","_EventCurrencyCode":"","_EventCurrencyPosition":"","_EventDateTimeSeparator":"","_EventTimeRangeSeparator":"","_EventOrganizerID":[],"_EventVenueID":[],"_OrganizerEmail":"","_OrganizerPhone":"","_OrganizerWebsite":"","_VenueAddress":"","_VenueCity":"","_VenueCountry":"","_VenueProvince":"","_VenueState":"","_VenueZip":"","_VenuePhone":"","_VenueURL":"","_VenueStateProvince":"","_VenueLat":"","_VenueLng":"","_VenueShowMap":false,"_VenueShowMapLink":false,"jetpack_post_was_ever_published":false,"_jetpack_newsletter_access":"","_jetpack_dont_email_post_to_subs":false,"_jetpack_newsletter_tier_id":0,"_jetpack_memberships_contains_paywalled_content":false,"_jetpack_memberships_contains_paid_content":false,"footnotes":"","jetpack_publicize_message":"","jetpack_publicize_feature_enabled":true,"jetpack_social_post_already_shared":false,"jetpack_social_options":{"image_generator_settings":{"template":"highway","default_image_id":0,"font":"","enabled":false},"version":2}},"categories":[33,15,20],"tags":[],"class_list":["post-457","post","type-post","status-publish","format-standard","has-post-thumbnail","hentry","category-articles","category-conferences-debats","category-delitement-de-la-france"],"jetpack_publicize_connections":[],"jetpack_featured_media_url":"https:\/\/i0.wp.com\/idnf.fr\/wp-content\/uploads\/2022\/12\/Fabrique_Chretin_9782809843972ORI.jpeg?fit=351%2C565&ssl=1","jetpack_sharing_enabled":true,"_links":{"self":[{"href":"https:\/\/idnf.fr\/index.php?rest_route=\/wp\/v2\/posts\/457","targetHints":{"allow":["GET"]}}],"collection":[{"href":"https:\/\/idnf.fr\/index.php?rest_route=\/wp\/v2\/posts"}],"about":[{"href":"https:\/\/idnf.fr\/index.php?rest_route=\/wp\/v2\/types\/post"}],"author":[{"embeddable":true,"href":"https:\/\/idnf.fr\/index.php?rest_route=\/wp\/v2\/users\/1"}],"replies":[{"embeddable":true,"href":"https:\/\/idnf.fr\/index.php?rest_route=%2Fwp%2Fv2%2Fcomments&post=457"}],"version-history":[{"count":4,"href":"https:\/\/idnf.fr\/index.php?rest_route=\/wp\/v2\/posts\/457\/revisions"}],"predecessor-version":[{"id":513,"href":"https:\/\/idnf.fr\/index.php?rest_route=\/wp\/v2\/posts\/457\/revisions\/513"}],"wp:featuredmedia":[{"embeddable":true,"href":"https:\/\/idnf.fr\/index.php?rest_route=\/wp\/v2\/media\/459"}],"wp:attachment":[{"href":"https:\/\/idnf.fr\/index.php?rest_route=%2Fwp%2Fv2%2Fmedia&parent=457"}],"wp:term":[{"taxonomy":"category","embeddable":true,"href":"https:\/\/idnf.fr\/index.php?rest_route=%2Fwp%2Fv2%2Fcategories&post=457"},{"taxonomy":"post_tag","embeddable":true,"href":"https:\/\/idnf.fr\/index.php?rest_route=%2Fwp%2Fv2%2Ftags&post=457"}],"curies":[{"name":"wp","href":"https:\/\/api.w.org\/{rel}","templated":true}]}}