{"id":4765,"date":"2025-10-29T15:00:43","date_gmt":"2025-10-29T14:00:43","guid":{"rendered":"https:\/\/idnf.fr\/?p=4765"},"modified":"2025-10-29T15:00:45","modified_gmt":"2025-10-29T14:00:45","slug":"enfin-une-taxe-anti-gafam","status":"publish","type":"post","link":"https:\/\/idnf.fr\/?p=4765","title":{"rendered":"ENFIN UNE TAXE ANTI GAFAM ?"},"content":{"rendered":"\n<p class=\"has-black-color has-text-color has-link-color has-medium-font-size wp-elements-8dbad6622175dce2739095e22d78716f\">Hier soir en d\u00e9but de soir\u00e9e, l&rsquo;Assembl\u00e9e nationale a adopt\u00e9 une disposition particuli\u00e8rement sensible aupr\u00e8s des multinationales, disposition issue des rangs de la gauche et plus particuli\u00e8rement du pr\u00e9sident de la commission des finances, l&rsquo;Insoumis Eric Coquerel.<\/p>\n\n\n\n<figure class=\"wp-block-image aligncenter size-full\"><img data-recalc-dims=\"1\" loading=\"lazy\" decoding=\"async\" width=\"372\" height=\"135\" src=\"https:\/\/i0.wp.com\/idnf.fr\/wp-content\/uploads\/2025\/10\/gafam.png?resize=372%2C135&#038;ssl=1\" alt=\"\" class=\"wp-image-4767\" srcset=\"https:\/\/i0.wp.com\/idnf.fr\/wp-content\/uploads\/2025\/10\/gafam.png?w=372&amp;ssl=1 372w, https:\/\/i0.wp.com\/idnf.fr\/wp-content\/uploads\/2025\/10\/gafam.png?resize=300%2C109&amp;ssl=1 300w\" sizes=\"auto, (max-width: 372px) 100vw, 372px\" \/><\/figure>\n\n\n\n<p class=\"has-black-color has-text-color has-link-color has-medium-font-size wp-elements-8d2a272e42c86acb0662bb41b34ab485\">L&rsquo;objectif affich\u00e9 par cet amendement n&rsquo;est ni plus ni moins que de lutter contre l&rsquo;optimisation fiscale de ces entreprises qui, en s&rsquo;appuyant sur des textes fiscaux largement favorables \u00e0 ce type de politique, \u00e9ludent chaque ann\u00e9e des milliards d&rsquo;euros d&rsquo;imp\u00f4ts en tout genre.<\/p>\n\n\n\n<p class=\"has-black-color has-text-color has-link-color has-medium-font-size wp-elements-db9d8a65ef7531e870f1428c3e047c60\">Comment ? Tr\u00e8s simplement&#8230; Trop simplement&#8230; En faisant remonter vers leurs holdings situ\u00e9es en dehors de la France du chiffre d&rsquo;affaires par l&rsquo;interm\u00e9diaire de convention de si\u00e8ge, de services etc&#8230; Chiffre d&rsquo;affaires bien \u00e9videmment moins tax\u00e9 qu&rsquo;en France, cela va s&rsquo;en dire.<\/p>\n\n\n\n<p class=\"has-black-color has-text-color has-link-color has-medium-font-size wp-elements-15cc07e78accca8fe4cf4f01133e09c2\">Cette technique connue de tous les directeurs financiers de groupe et autres fiscalistes constitue un v\u00e9ritable pillage en r\u00e8gle de notre pays puisqu&rsquo;elle revient \u00e0 b\u00e9n\u00e9ficier des avantages sans les inconv\u00e9nients.<\/p>\n\n\n\n<p class=\"has-black-color has-text-color has-link-color has-medium-font-size wp-elements-7c5588c91733c551eac6467acc8ebd1c\">Avantage car ces groupes qui s&rsquo;installent en France b\u00e9n\u00e9ficient d&rsquo;une main-d&rsquo;oeuvre qualifi\u00e9e bon march\u00e9, d&rsquo;infrastructures publiques de qualit\u00e9, d&rsquo;un march\u00e9 local de consommateurs \u00e9toff\u00e9&#8230; Mais aussi de dispositions fiscales incitatives \u00e0 l&rsquo;installation de leurs \u00e9tablissements avec des exon\u00e9rations de taxe fonci\u00e8re, CFE etc&#8230;<\/p>\n\n\n\n<p class=\"has-black-color has-text-color has-link-color has-medium-font-size wp-elements-1c96c8c4f73c443f5e38db4609b98f88\">Sans pour autant, donc, \u00eatre contraint par les inconv\u00e9nients d&rsquo;une fiscalit\u00e9 notamment celle de l&rsquo;imp\u00f4t sur les soci\u00e9t\u00e9s beaucoup moins favorable que des Etats dits \u00ab\u00a0\u00e0 fiscalit\u00e9 privil\u00e9gi\u00e9e\u00a0\u00bb tel que le Delaware, Luxembourg, Dublin etc&#8230;<\/p>\n\n\n\n<p class=\"has-black-color has-text-color has-link-color has-medium-font-size wp-elements-237b5f8f4b2811430a701f9d282d0ba5\">Rappelons qu&rsquo;avec ce genre de dispositif, les multinationales ne paieraient que 13 % d&rsquo;imp\u00f4t  sur les soci\u00e9t\u00e9s quand le taux r\u00e9duit d&rsquo;IS est fix\u00e9 par loi \u00e0 15 % (avec un r\u00e9sultat max de 42 500 euros) et le taux normal d&rsquo;IS \u00e0 25 % (r\u00e9sultat au del\u00e0 de 42 500 euros). Les taux pr\u00e9cit\u00e9s sont bien ceux vers\u00e9s par les TPE et PME fran\u00e7aises qui, elles, ne peuvent b\u00e9n\u00e9ficier de ces largesses purement fiscales et ne reposant sur aucune \u00e9quit\u00e9 en la mati\u00e8re. <\/p>\n\n\n\n<p class=\"has-black-color has-text-color has-link-color has-medium-font-size wp-elements-d7ba354c2a99f028940c0121a18e3fa9\">Ce qui est int\u00e9ressant dans les d\u00e9bats qui ont eu lieu et dans le vote final, ce sont bien les r\u00e9actions des parlementaires dits du \u00ab\u00a0socle commun\u00a0\u00bb, stup\u00e9faits que cette mesure ait pu \u00eatre vot\u00e9e notamment par le Rassemblement National. Celle d&rsquo;un Roland Lescure par exemple est \u00e0 la mesure de cette incompr\u00e9hension mais disons le de cette d\u00e9connexion totale avec la r\u00e9alit\u00e9 de ce syst\u00e8me de pillage et de vol de la France organis\u00e9 depuis des ann\u00e9es : \u00ab\u00a0Bravo, vous pouvez \u00eatre fi\u00e8re de vous Madame Le Pen ! Vous ne respectez pas 125 conventions internationales \u00ab\u00a0. Ou encore : \u00ab\u00a0On vivra pauvres on vivra seuls, mais au moins on aura vot\u00e9 un bel amendement.\u00a0\u00bb<\/p>\n\n\n\n<p class=\"has-black-color has-text-color has-link-color has-medium-font-size wp-elements-ad73932ba33eaed3b024324a24822b34\">Cette r\u00e9action est typiquement symptomatique de personnes vraisemblablement mandat\u00e9es par une certaine \u00ab\u00a0\u00e9lite\u00a0\u00bb et charg\u00e9e de veiller \u00e0 ce que les \u00e9claboussures de ces amendements ne touchent pas les vrais d\u00e9tenteurs actuels du pouvoir.<\/p>\n\n\n\n<p class=\"has-black-color has-text-color has-link-color has-medium-font-size wp-elements-453576faf2e931947b522dacf9ba2a5d\">Car en l&rsquo;esp\u00e8ce, ce texte vise \u00e0 r\u00e9duire cette fraude massive orchestr\u00e9e par des cols blancs sans scrupule s&rsquo;appuyant sur des textes vot\u00e9s par les copains parlementaires et visant \u00e0 \u00e9luder toujours plus d&rsquo;imp\u00f4t \u00e0 verser au pays d&rsquo;accueil. Quel int\u00e9r\u00eat a un pays comme le n\u00f4tre \u00e0 faire des ponts d&rsquo;or \u00e0 des multinationales dont l&rsquo;objectif est de cannibaliser nos march\u00e9s et repartir, tels des vikings apr\u00e8s un raid sur les c\u00f4tes normandes, les tr\u00e9sors plein les poches sans verser d&rsquo;imp\u00f4t. Faut-il rappeler la fa\u00e7on dont un g\u00e9ant tel qu&rsquo;Amazon s&rsquo;est implant\u00e9 en France en parasitant tout un environnement, notamment celui de la culture, sans pour autant payer l&rsquo;imp\u00f4t normalement d\u00fb ? Vous savez celui qui permettrait justement d&rsquo;\u00e9quilibrer nos comptes.<\/p>\n\n\n\n<p class=\"has-black-color has-text-color has-link-color has-medium-font-size wp-elements-d1c3be3625b28a1d53b2ded8220211f8\">Faut-il rappeler que le taux d&rsquo;IS d&rsquo;Amazon en France a \u00e9t\u00e9 de 5,3 % en 2023 ?<\/p>\n\n\n\n<p class=\"has-black-color has-text-color has-link-color has-medium-font-size wp-elements-a2539a0a4203c0ad54e6493be64cfdb5\">Alors oui, dans le cas pr\u00e9sent, cette surtaxe touchant toute entreprise trop d\u00e9sireuse de planquer ses r\u00e9sultats en dehors du territoire national tout en percevant les aides g\u00e9n\u00e9reusement distribu\u00e9es par l&rsquo;Etat doit rendre des comptes et le cas \u00e9ch\u00e9ant \u00eatre sanctionn\u00e9e ?<\/p>\n\n\n\n<p class=\"has-black-color has-text-color has-link-color has-medium-font-size wp-elements-a31a71def86ca62967d2ed8ae73a05ef\"><strong>P.MAGNERON<\/strong><\/p>\n\n\n\n<p><\/p>\n","protected":false},"excerpt":{"rendered":"<p>Hier soir en d\u00e9but de soir\u00e9e, l&rsquo;Assembl\u00e9e nationale a adopt\u00e9 une disposition particuli\u00e8rement sensible aupr\u00e8s&#8230;<\/p>\n","protected":false},"author":2,"featured_media":4767,"comment_status":"open","ping_status":"open","sticky":false,"template":"","format":"standard","meta":{"_EventAllDay":false,"_EventTimezone":"","_EventStartDate":"","_EventEndDate":"","_EventStartDateUTC":"","_EventEndDateUTC":"","_EventShowMap":false,"_EventShowMapLink":false,"_EventURL":"","_EventCost":"","_EventCostDescription":"","_EventCurrencySymbol":"","_EventCurrencyCode":"","_EventCurrencyPosition":"","_EventDateTimeSeparator":"","_EventTimeRangeSeparator":"","_EventOrganizerID":[],"_EventVenueID":[],"_OrganizerEmail":"","_OrganizerPhone":"","_OrganizerWebsite":"","_VenueAddress":"","_VenueCity":"","_VenueCountry":"","_VenueProvince":"","_VenueState":"","_VenueZip":"","_VenuePhone":"","_VenueURL":"","_VenueStateProvince":"","_VenueLat":"","_VenueLng":"","_VenueShowMap":false,"_VenueShowMapLink":false,"jetpack_post_was_ever_published":false,"_jetpack_newsletter_access":"","_jetpack_dont_email_post_to_subs":false,"_jetpack_newsletter_tier_id":0,"_jetpack_memberships_contains_paywalled_content":false,"_jetpack_memberships_contains_paid_content":false,"footnotes":"","jetpack_publicize_message":"","jetpack_publicize_feature_enabled":true,"jetpack_social_post_already_shared":true,"jetpack_social_options":{"image_generator_settings":{"template":"highway","default_image_id":0,"font":"","enabled":false},"version":2}},"categories":[33,23,11,34,26,25],"tags":[],"class_list":["post-4765","post","type-post","status-publish","format-standard","has-post-thumbnail","hentry","category-articles","category-economie","category-editorial","category-humeur","category-international","category-politique"],"jetpack_publicize_connections":[],"jetpack_featured_media_url":"https:\/\/i0.wp.com\/idnf.fr\/wp-content\/uploads\/2025\/10\/gafam.png?fit=372%2C135&ssl=1","jetpack_sharing_enabled":true,"_links":{"self":[{"href":"https:\/\/idnf.fr\/index.php?rest_route=\/wp\/v2\/posts\/4765","targetHints":{"allow":["GET"]}}],"collection":[{"href":"https:\/\/idnf.fr\/index.php?rest_route=\/wp\/v2\/posts"}],"about":[{"href":"https:\/\/idnf.fr\/index.php?rest_route=\/wp\/v2\/types\/post"}],"author":[{"embeddable":true,"href":"https:\/\/idnf.fr\/index.php?rest_route=\/wp\/v2\/users\/2"}],"replies":[{"embeddable":true,"href":"https:\/\/idnf.fr\/index.php?rest_route=%2Fwp%2Fv2%2Fcomments&post=4765"}],"version-history":[{"count":2,"href":"https:\/\/idnf.fr\/index.php?rest_route=\/wp\/v2\/posts\/4765\/revisions"}],"predecessor-version":[{"id":4768,"href":"https:\/\/idnf.fr\/index.php?rest_route=\/wp\/v2\/posts\/4765\/revisions\/4768"}],"wp:featuredmedia":[{"embeddable":true,"href":"https:\/\/idnf.fr\/index.php?rest_route=\/wp\/v2\/media\/4767"}],"wp:attachment":[{"href":"https:\/\/idnf.fr\/index.php?rest_route=%2Fwp%2Fv2%2Fmedia&parent=4765"}],"wp:term":[{"taxonomy":"category","embeddable":true,"href":"https:\/\/idnf.fr\/index.php?rest_route=%2Fwp%2Fv2%2Fcategories&post=4765"},{"taxonomy":"post_tag","embeddable":true,"href":"https:\/\/idnf.fr\/index.php?rest_route=%2Fwp%2Fv2%2Ftags&post=4765"}],"curies":[{"name":"wp","href":"https:\/\/api.w.org\/{rel}","templated":true}]}}