{"id":4784,"date":"2025-11-01T08:32:44","date_gmt":"2025-11-01T07:32:44","guid":{"rendered":"https:\/\/idnf.fr\/?p=4784"},"modified":"2025-11-01T08:59:11","modified_gmt":"2025-11-01T07:59:11","slug":"la-france-peut-elle-acceder-a-la-souverainete-numerique","status":"publish","type":"post","link":"https:\/\/idnf.fr\/?p=4784","title":{"rendered":"LA FRANCE PEUT-ELLE ACCEDER A LA SOUVERAINETE NUMERIQUE ?"},"content":{"rendered":"\n<p class=\"has-black-color has-text-color has-link-color has-medium-font-size wp-elements-4fe76ea744c66e2ce9508909cf30e94d\">Dans une tribune r\u00e9cemment publi\u00e9e cette semaine (<a href=\"https:\/\/www.lefigaro.fr\/vox\/economie\/souverainete-numerique-la-france-doit-faire-preuve-de-la-meme-ambition-que-pour-le-nucleaire-dans-les-annees-60-20251029\" rel=\"nofollow\">cliquez ici<\/a>) sur le Figaro Vox, trente cinq personnalit\u00e9s de renom se sont interrog\u00e9es sur la place de la France aujourd&rsquo;hui au regard de la souverainet\u00e9 num\u00e9rique et apr\u00e8s un constat accablant de la situation de faiblesse dans laquelle notre pays se trouve, pour ne pas dire situation de soumission dans le domaine technologique, a conclu l&rsquo;article par cette question, qui r\u00e9sonne telle une sentence : Voulons-nous subir ou d\u00e9cider au XXIe si\u00e8cle ?<\/p>\n\n\n\n<figure class=\"wp-block-image aligncenter size-full\"><img data-recalc-dims=\"1\" loading=\"lazy\" decoding=\"async\" width=\"372\" height=\"135\" src=\"https:\/\/i0.wp.com\/idnf.fr\/wp-content\/uploads\/2025\/10\/gafam.png?resize=372%2C135&#038;ssl=1\" alt=\"\" class=\"wp-image-4767\" srcset=\"https:\/\/i0.wp.com\/idnf.fr\/wp-content\/uploads\/2025\/10\/gafam.png?w=372&amp;ssl=1 372w, https:\/\/i0.wp.com\/idnf.fr\/wp-content\/uploads\/2025\/10\/gafam.png?resize=300%2C109&amp;ssl=1 300w\" sizes=\"auto, (max-width: 372px) 100vw, 372px\" \/><\/figure>\n\n\n\n<p class=\"has-black-color has-text-color has-link-color has-medium-font-size wp-elements-3464124dbc9f8718e723e923d480f937\">De toute \u00e9vidence, le r\u00e9veil d&rsquo;une partie de nos \u00e9lites, signataires de cette tribune, dans lesquels nous retrouvons d&rsquo;anciens responsables du renseignement, d&rsquo;anciens ministres, des dirigeants d&rsquo;entreprise, des g\u00e9n\u00e9raux etc&#8230; est salutaire \u00e0 plus d&rsquo;un titre m\u00eame si, reconnaissons le, il apparait quelque peu tardif et en l&rsquo;\u00e9tat des volont\u00e9s politiques du moment, vain tant la t\u00e2che apparait immense pour inverser une tendance largement engag\u00e9e. <\/p>\n\n\n\n<p class=\"has-black-color has-text-color has-link-color has-medium-font-size wp-elements-fd2f875a9469e9b7d86e802e39ced957\">Pour quelle raison cette tribune a t-elle vu le jour ? Le crit\u00e8re de qualification <a href=\"http:\/\/www.lefigaro.fr\/secteur\/high-tech\/securite-du-cloud-outscale-obtient-la-plus-exigeante-certification-de-l-anssi-20231211\" target=\"_blank\" rel=\"noreferrer noopener\"><em>SecNumCloud<\/em><\/a>, d\u00e9livr\u00e9e par l\u2019ANSSI, impose le recours \u00e0 des prestataires \u00e9tanches au droit am\u00e9ricain pour h\u00e9berger les donn\u00e9es de l\u2019\u00c9tat et de ses agences. Or, ce crit\u00e8re risque de dispara\u00eetre, ou tout du moins de ne plus permettre cette \u00e9tanch\u00e9it\u00e9 qui garantit notamment la protection des donn\u00e9es, en raison de rapprochement visant clairement \u00e0 contourner les dispositions l\u00e9gales en vigueur entre les fameux GAFAM et nos fleurons technologiques fran\u00e7ais. Ainsi, les offres hybrides \u00ab\u00a0BLEU\u00a0\u00bb (Microsoft-Orange-Capgemini) et S3NS (Google-Thal\u00e8s) pourraient voir le jour et de fait permettre (si ce n&rsquo;est d\u00e9j\u00e0 fait) l&rsquo;acc\u00e8s \u00e0 des donn\u00e9es sensibles pour la s\u00e9curit\u00e9 du pays \u00e0 nos \u00ab\u00a0amis\u00a0\u00bb am\u00e9ricains&#8230;<\/p>\n\n\n\n<p class=\"has-black-color has-text-color has-link-color has-medium-font-size wp-elements-fc9b8bc6d5701f996cfc1e397ce57936\">Mais franchement est ce bien nouveau quand l&rsquo;essentiel de nos donn\u00e9es financi\u00e8res sont d\u00e9j\u00e0 largement consult\u00e9es, pour ne pas dire espionn\u00e9es, par nos chers \u00ab\u00a0amis\u00a0\u00bb am\u00e9ricains via le syst\u00e8me bancaire SWIFT ?<\/p>\n\n\n\n<p class=\"has-black-color has-text-color has-link-color has-medium-font-size wp-elements-2075f4bbfa890c57ac3cce4a009eae59\">Mais est ce bien nouveau quand, au coeur m\u00eame du pouvoir, des cabinets de conseils anglo-saxons (McKinsey \u00e9tant le plus connu) ont \u00ab\u00a0offert\u00a0\u00bb leurs services, (2,5 milliards d&rsquo;euros&#8230;, uen paille) et ont de toute \u00e9vidence eu acc\u00e8s aux \u00ab\u00a0secrets\u00a0\u00bb de la R\u00e9publique afin de mieux les transmettre \u00e0 la Maison Blanche ?<\/p>\n\n\n\n<p class=\"has-black-color has-text-color has-link-color has-medium-font-size wp-elements-e133753a5f457bb157a6c387050df248\">Mais est ce bien nouveau quand dans diff\u00e9rents dossiers, dont celui le plus connu d&rsquo;Alsthom, notre classe politique (Sarko, P\u00e9cresse, Macron etc&#8230;) s&rsquo;est compromise pour autoriser la vente d&rsquo;actifs strat\u00e9giques \u00e0 nos chers \u00ab\u00a0amis\u00a0\u00bb am\u00e9ricains ?<\/p>\n\n\n\n<p class=\"has-black-color has-text-color has-link-color has-medium-font-size wp-elements-3c8d048fd8fa39f847874ef67c39074e\">Depuis des dizaines d&rsquo;ann\u00e9es, notre pays s&rsquo;est progressivement f\u00e9odalis\u00e9 abandonnant sciemment sa souverainet\u00e9 \u00e0 qui la veut. D&rsquo;abord \u00e0 l&rsquo;Europe en abandonnant l&rsquo;instrument m\u00eame son ind\u00e9pendance mon\u00e9taire, le franc, puis en acceptant que lui soit dict\u00e9e sa politique budg\u00e9taire via des directives toujours plus alambiqu\u00e9es. Mais aux Etats-Unis aussi en acceptant na\u00efvement l&rsquo;implantation sur notre territoire de v\u00e9ritables parasites commerciaux sur fond de libre-concurrence alors que, et l&rsquo;avenir l&rsquo;a d\u00e9montr\u00e9, c&rsquo;est bien l&rsquo;exact contraire qui s&rsquo;est produit avec la main-mise par les g\u00e9ants de la tech (comme c&rsquo;est joli \u00e0 entendre) de notre \u00e9conomie.<\/p>\n\n\n\n<p class=\"has-black-color has-text-color has-link-color has-medium-font-size wp-elements-8f7e03ab464239758c2f03dc67b70e63\">La plate-formisation de notre \u00e9conomie n&rsquo;\u00e9tait pas in\u00e9luctable mais, impos\u00e9e \u00e0 marche forc\u00e9e par ceux qui y avait int\u00e9r\u00eat, elle s&rsquo;est transform\u00e9e en d\u00e9b\u00e2cle pour notre tissu commercial et ses acteurs, pr\u00e9caris\u00e9s, pardon uberis\u00e9s, au profit de fortunes toujours plus florissantes.<\/p>\n\n\n\n<p class=\"has-black-color has-text-color has-link-color has-medium-font-size wp-elements-91ef3da38df55b1656d42e5e022d8aff\">Et une fois de plus, de la m\u00eame fa\u00e7on que l&rsquo;implantation de ces GAFAM avait largement \u00e9t\u00e9 encourag\u00e9e par nos \u00ab\u00a0\u00e9lites\u00a0\u00bb (Bezos a quand m\u00eame la l\u00e9gion d&rsquo;honneur&#8230; Au nom de quoi ? \u00e7a&#8230;), cet \u00e9pisode de la protection de nos donn\u00e9es semble constituer un \u00e9ni\u00e8me \u00e9pisode dans la trahison d&rsquo;individus se comportant davantage en oligarque qu&rsquo;en d\u00e9fenseur de notre Nation et du Bien Commun.<\/p>\n\n\n\n<p class=\"has-black-color has-text-color has-link-color has-medium-font-size wp-elements-0ce24fbe0f50fcef7d62fddba5720076\">Alors \u00e0 la question \u00ab\u00a0voulons-nous subir ou d\u00e9cider au XXIe si\u00e8cle ?\u00a0\u00bb, il semble malheureusement que la r\u00e9ponse soit d\u00e9j\u00e0 connue et c&rsquo;est bien en cela que, pour les raisons \u00e9voqu\u00e9es ci-dessus, nous avons d\u00e9j\u00e0 un train de retard dans notre r\u00e9flexion.<\/p>\n\n\n\n<p class=\"has-black-color has-text-color has-link-color has-medium-font-size wp-elements-5458e3d3a50cf7dad3d8ff809334ea3c\"><strong>La question ne serait-elle pas plut\u00f4t : quand arr\u00eaterons nous de subir et quand reprendrons nous notre destin en main ?<\/strong><\/p>\n\n\n\n<p class=\"has-black-color has-text-color has-link-color has-medium-font-size wp-elements-a31a71def86ca62967d2ed8ae73a05ef\"><strong>P.MAGNERON<\/strong><\/p>\n\n\n\n<p><\/p>\n\n\n\n<p><\/p>\n\n\n\n<p><\/p>\n","protected":false},"excerpt":{"rendered":"<p>Dans une tribune r\u00e9cemment publi\u00e9e cette semaine (cliquez ici) sur le Figaro Vox, trente cinq&#8230;<\/p>\n","protected":false},"author":2,"featured_media":4767,"comment_status":"open","ping_status":"open","sticky":false,"template":"","format":"standard","meta":{"_EventAllDay":false,"_EventTimezone":"","_EventStartDate":"","_EventEndDate":"","_EventStartDateUTC":"","_EventEndDateUTC":"","_EventShowMap":false,"_EventShowMapLink":false,"_EventURL":"","_EventCost":"","_EventCostDescription":"","_EventCurrencySymbol":"","_EventCurrencyCode":"","_EventCurrencyPosition":"","_EventDateTimeSeparator":"","_EventTimeRangeSeparator":"","_EventOrganizerID":[],"_EventVenueID":[],"_OrganizerEmail":"","_OrganizerPhone":"","_OrganizerWebsite":"","_VenueAddress":"","_VenueCity":"","_VenueCountry":"","_VenueProvince":"","_VenueState":"","_VenueZip":"","_VenuePhone":"","_VenueURL":"","_VenueStateProvince":"","_VenueLat":"","_VenueLng":"","_VenueShowMap":false,"_VenueShowMapLink":false,"jetpack_post_was_ever_published":false,"_jetpack_newsletter_access":"","_jetpack_dont_email_post_to_subs":false,"_jetpack_newsletter_tier_id":0,"_jetpack_memberships_contains_paywalled_content":false,"_jetpack_memberships_contains_paid_content":false,"footnotes":"","jetpack_publicize_message":"","jetpack_publicize_feature_enabled":true,"jetpack_social_post_already_shared":true,"jetpack_social_options":{"image_generator_settings":{"template":"highway","default_image_id":0,"font":"","enabled":false},"version":2}},"categories":[33,23,11,34,26,25],"tags":[],"class_list":["post-4784","post","type-post","status-publish","format-standard","has-post-thumbnail","hentry","category-articles","category-economie","category-editorial","category-humeur","category-international","category-politique"],"jetpack_publicize_connections":[],"jetpack_featured_media_url":"https:\/\/i0.wp.com\/idnf.fr\/wp-content\/uploads\/2025\/10\/gafam.png?fit=372%2C135&ssl=1","jetpack_sharing_enabled":true,"_links":{"self":[{"href":"https:\/\/idnf.fr\/index.php?rest_route=\/wp\/v2\/posts\/4784","targetHints":{"allow":["GET"]}}],"collection":[{"href":"https:\/\/idnf.fr\/index.php?rest_route=\/wp\/v2\/posts"}],"about":[{"href":"https:\/\/idnf.fr\/index.php?rest_route=\/wp\/v2\/types\/post"}],"author":[{"embeddable":true,"href":"https:\/\/idnf.fr\/index.php?rest_route=\/wp\/v2\/users\/2"}],"replies":[{"embeddable":true,"href":"https:\/\/idnf.fr\/index.php?rest_route=%2Fwp%2Fv2%2Fcomments&post=4784"}],"version-history":[{"count":4,"href":"https:\/\/idnf.fr\/index.php?rest_route=\/wp\/v2\/posts\/4784\/revisions"}],"predecessor-version":[{"id":4792,"href":"https:\/\/idnf.fr\/index.php?rest_route=\/wp\/v2\/posts\/4784\/revisions\/4792"}],"wp:featuredmedia":[{"embeddable":true,"href":"https:\/\/idnf.fr\/index.php?rest_route=\/wp\/v2\/media\/4767"}],"wp:attachment":[{"href":"https:\/\/idnf.fr\/index.php?rest_route=%2Fwp%2Fv2%2Fmedia&parent=4784"}],"wp:term":[{"taxonomy":"category","embeddable":true,"href":"https:\/\/idnf.fr\/index.php?rest_route=%2Fwp%2Fv2%2Fcategories&post=4784"},{"taxonomy":"post_tag","embeddable":true,"href":"https:\/\/idnf.fr\/index.php?rest_route=%2Fwp%2Fv2%2Ftags&post=4784"}],"curies":[{"name":"wp","href":"https:\/\/api.w.org\/{rel}","templated":true}]}}