{"id":844,"date":"2023-07-12T21:23:56","date_gmt":"2023-07-12T19:23:56","guid":{"rendered":"https:\/\/place-armes-idf.fr\/?p=844"},"modified":"2023-07-13T22:32:40","modified_gmt":"2023-07-13T20:32:40","slug":"non-a-larticle-23-de-la-loi-de-programmation-militaire","status":"publish","type":"post","link":"https:\/\/idnf.fr\/?p=844","title":{"rendered":"NON A L&rsquo;ARTICLE 23 DE LA LOI DE PROGRAMMATION MILITAIRE"},"content":{"rendered":"\n<figure class=\"wp-block-image size-large\"><img data-recalc-dims=\"1\" loading=\"lazy\" decoding=\"async\" width=\"640\" height=\"360\" src=\"https:\/\/i0.wp.com\/oparswr.cluster023.hosting.ovh.net\/wp-content\/uploads\/2023\/07\/magneron-france-soir-1024x576.jpg?resize=640%2C360\" alt=\"\" class=\"wp-image-845\" srcset=\"https:\/\/i0.wp.com\/idnf.fr\/wp-content\/uploads\/2023\/07\/magneron-france-soir.jpg?resize=1024%2C576&amp;ssl=1 1024w, https:\/\/i0.wp.com\/idnf.fr\/wp-content\/uploads\/2023\/07\/magneron-france-soir.jpg?resize=300%2C169&amp;ssl=1 300w, https:\/\/i0.wp.com\/idnf.fr\/wp-content\/uploads\/2023\/07\/magneron-france-soir.jpg?resize=768%2C432&amp;ssl=1 768w, https:\/\/i0.wp.com\/idnf.fr\/wp-content\/uploads\/2023\/07\/magneron-france-soir.jpg?resize=700%2C394&amp;ssl=1 700w, https:\/\/i0.wp.com\/idnf.fr\/wp-content\/uploads\/2023\/07\/magneron-france-soir.jpg?resize=520%2C292&amp;ssl=1 520w, https:\/\/i0.wp.com\/idnf.fr\/wp-content\/uploads\/2023\/07\/magneron-france-soir.jpg?resize=360%2C202&amp;ssl=1 360w, https:\/\/i0.wp.com\/idnf.fr\/wp-content\/uploads\/2023\/07\/magneron-france-soir.jpg?resize=250%2C141&amp;ssl=1 250w, https:\/\/i0.wp.com\/idnf.fr\/wp-content\/uploads\/2023\/07\/magneron-france-soir.jpg?resize=100%2C56&amp;ssl=1 100w, https:\/\/i0.wp.com\/idnf.fr\/wp-content\/uploads\/2023\/07\/magneron-france-soir.jpg?w=1300&amp;ssl=1 1300w\" sizes=\"auto, (max-width: 640px) 100vw, 640px\" \/><\/figure>\n\n\n\n<p class=\"has-black-color has-text-color\">Vous trouverez ci-apr\u00e8s mes diff\u00e9rentes interventions relatives \u00e0 ce sujet qui s&rsquo;inscrit dans une d\u00e9rive totalitaire du Pr\u00e9sident Macron :<\/p>\n\n\n\n<p class=\"has-black-color has-text-color\"><strong>ENTRETIEN AVEC ANDRE BERCOFF :<\/strong><\/p>\n\n\n\n<figure class=\"wp-block-embed is-type-video is-provider-youtube wp-block-embed-youtube wp-embed-aspect-16-9 wp-has-aspect-ratio\"><div class=\"wp-block-embed__wrapper\">\n<iframe loading=\"lazy\" title=\"Patrice Magneron : &quot;Les \u00e9meutes d&#039;aujourd&#039;hui sont l\u00e0, car on a ferm\u00e9 les yeux sur la d\u00e9linquance.&quot;\" width=\"640\" height=\"360\" src=\"https:\/\/www.youtube.com\/embed\/I1Ejm3hNtCM?feature=oembed\" frameborder=\"0\" allow=\"accelerometer; autoplay; clipboard-write; encrypted-media; gyroscope; picture-in-picture; web-share\" referrerpolicy=\"strict-origin-when-cross-origin\" allowfullscreen><\/iframe>\n<\/div><\/figure>\n\n\n\n<p class=\"has-black-color has-text-color\"><strong>ENTRETIEN AVEC XAVIER AZALBERT :<\/strong><\/p>\n\n\n\n<p><a href=\"https:\/\/www.francesoir.fr\/videos-l-entretien-essentiel\/loi-de-programmation-militaire-mais-quel-est-le-projet-de-macron\">https:\/\/www.francesoir.fr\/videos-l-entretien-essentiel\/loi-de-programmation-militaire-mais-quel-est-le-projet-de-macron<\/a><\/p>\n\n\n\n<p class=\"has-black-color has-text-color\"><strong>VIDEO<\/strong> <\/p>\n\n\n\n<figure class=\"wp-block-embed is-type-video is-provider-youtube wp-block-embed-youtube wp-embed-aspect-16-9 wp-has-aspect-ratio\"><div class=\"wp-block-embed__wrapper\">\n<iframe loading=\"lazy\" title=\"NON A L&#039;ARTICLE 23 DE LA LOI DE PROGRAMMATION MILITAIRE\" width=\"640\" height=\"360\" src=\"https:\/\/www.youtube.com\/embed\/7GBKM2bDMUw?feature=oembed\" frameborder=\"0\" allow=\"accelerometer; autoplay; clipboard-write; encrypted-media; gyroscope; picture-in-picture; web-share\" referrerpolicy=\"strict-origin-when-cross-origin\" allowfullscreen><\/iframe>\n<\/div><\/figure>\n\n\n\n<p><\/p>\n\n\n\n<p class=\"has-black-color has-text-color\">Amiti\u00e9s patriotes<\/p>\n\n\n\n<p class=\"has-black-color has-text-color\">P.MAGNERON<\/p>\n","protected":false},"excerpt":{"rendered":"<p>Vous trouverez ci-apr\u00e8s mes diff\u00e9rentes interventions relatives \u00e0 ce sujet qui s&rsquo;inscrit dans une d\u00e9rive&#8230;<\/p>\n","protected":false},"author":2,"featured_media":845,"comment_status":"open","ping_status":"open","sticky":false,"template":"","format":"standard","meta":{"_EventAllDay":false,"_EventTimezone":"","_EventStartDate":"","_EventEndDate":"","_EventStartDateUTC":"","_EventEndDateUTC":"","_EventShowMap":false,"_EventShowMapLink":false,"_EventURL":"","_EventCost":"","_EventCostDescription":"","_EventCurrencySymbol":"","_EventCurrencyCode":"","_EventCurrencyPosition":"","_EventDateTimeSeparator":"","_EventTimeRangeSeparator":"","_EventOrganizerID":[],"_EventVenueID":[],"_OrganizerEmail":"","_OrganizerPhone":"","_OrganizerWebsite":"","_VenueAddress":"","_VenueCity":"","_VenueCountry":"","_VenueProvince":"","_VenueState":"","_VenueZip":"","_VenuePhone":"","_VenueURL":"","_VenueStateProvince":"","_VenueLat":"","_VenueLng":"","_VenueShowMap":false,"_VenueShowMapLink":false,"jetpack_post_was_ever_published":false,"_jetpack_newsletter_access":"","_jetpack_dont_email_post_to_subs":false,"_jetpack_newsletter_tier_id":0,"_jetpack_memberships_contains_paywalled_content":false,"_jetpack_memberships_contains_paid_content":false,"footnotes":"","jetpack_publicize_message":"","jetpack_publicize_feature_enabled":true,"jetpack_social_post_already_shared":true,"jetpack_social_options":{"image_generator_settings":{"template":"highway","default_image_id":0,"font":"","enabled":false},"version":2}},"categories":[33,22,1,25],"tags":[],"class_list":["post-844","post","type-post","status-publish","format-standard","has-post-thumbnail","hentry","category-articles","category-mili","category-non-classe","category-politique"],"jetpack_publicize_connections":[],"jetpack_featured_media_url":"https:\/\/i0.wp.com\/idnf.fr\/wp-content\/uploads\/2023\/07\/magneron-france-soir.jpg?fit=1300%2C731&ssl=1","jetpack_sharing_enabled":true,"_links":{"self":[{"href":"https:\/\/idnf.fr\/index.php?rest_route=\/wp\/v2\/posts\/844","targetHints":{"allow":["GET"]}}],"collection":[{"href":"https:\/\/idnf.fr\/index.php?rest_route=\/wp\/v2\/posts"}],"about":[{"href":"https:\/\/idnf.fr\/index.php?rest_route=\/wp\/v2\/types\/post"}],"author":[{"embeddable":true,"href":"https:\/\/idnf.fr\/index.php?rest_route=\/wp\/v2\/users\/2"}],"replies":[{"embeddable":true,"href":"https:\/\/idnf.fr\/index.php?rest_route=%2Fwp%2Fv2%2Fcomments&post=844"}],"version-history":[{"count":3,"href":"https:\/\/idnf.fr\/index.php?rest_route=\/wp\/v2\/posts\/844\/revisions"}],"predecessor-version":[{"id":848,"href":"https:\/\/idnf.fr\/index.php?rest_route=\/wp\/v2\/posts\/844\/revisions\/848"}],"wp:featuredmedia":[{"embeddable":true,"href":"https:\/\/idnf.fr\/index.php?rest_route=\/wp\/v2\/media\/845"}],"wp:attachment":[{"href":"https:\/\/idnf.fr\/index.php?rest_route=%2Fwp%2Fv2%2Fmedia&parent=844"}],"wp:term":[{"taxonomy":"category","embeddable":true,"href":"https:\/\/idnf.fr\/index.php?rest_route=%2Fwp%2Fv2%2Fcategories&post=844"},{"taxonomy":"post_tag","embeddable":true,"href":"https:\/\/idnf.fr\/index.php?rest_route=%2Fwp%2Fv2%2Ftags&post=844"}],"curies":[{"name":"wp","href":"https:\/\/api.w.org\/{rel}","templated":true}]}}