{"id":97,"date":"2022-08-23T19:11:21","date_gmt":"2022-08-23T17:11:21","guid":{"rendered":"https:\/\/place-armes-idf.fr\/?p=97"},"modified":"2022-11-05T11:08:32","modified_gmt":"2022-11-05T10:08:32","slug":"delitement-decadence-ecroulement-fin","status":"publish","type":"post","link":"https:\/\/idnf.fr\/?p=97","title":{"rendered":"D\u00e9litement, d\u00e9cadence, \u00e9croulement&#8230; Fin?"},"content":{"rendered":"\n<p>\/<\/p>\n\n\n\n<figure class=\"wp-block-table\"><table><tbody><tr><td>\u00ad&nbsp;<\/td><td><em>\u00ab&nbsp;Je pense \u00e0 notre peuple auquel il faudra de la force d&rsquo;\u00e2me pour regarder en face le temps qui vient, r\u00e9sister aux incertitudes, parfois \u00e0 la facilit\u00e9 et \u00e0 l&rsquo;adversit\u00e9 et, unis, accepter de payer le prix de notre libert\u00e9 et de nos valeurs&nbsp;\u00bb. E. Macron<\/em><br><br>Quelle prose&nbsp;! quel lyrisme&nbsp;! quel style&nbsp;!&nbsp;<br><br>Ami compatriote, blanc, jaune, noir, marron, h\u00e9t\u00e9ro, homo, non genr\u00e9, droitard, gaucho, centriste, extr\u00e9miste, progressiste, complotiste, la\u00efcard, catho, musulman islamiste (pl\u00e9onasme), juif, rural, urbain, riche, pauvre, \u00e9tudiant, ch\u00f4meur, pr\u00e9pare-toi&nbsp;! ou plut\u00f4t pr\u00e9pare ton portefeuille et ce qu\u2019il en reste.<br><br>Les temps sont durs&nbsp;? allons\u2026 de quoi te plains tu&nbsp;? tu reviens de vacances, bronz\u00e9, repos\u00e9, repu, l\u2019esprit aussi l\u00e9ger que ton corps bedonnant est graisseux, alzheim\u00e9ris\u00e9 \u00e0 coup de pastis ou de coke c\u2019est selon, toi l\u2019homme du 21<sup>\u00e8me<\/sup>si\u00e8cle, lobotomis\u00e9, hanounanis\u00e9, internetis\u00e9 de cul, footballis\u00e9 \u00e0 longueur d\u2019ann\u00e9e, tu as \u00ab&nbsp;cette force d\u2019\u00e2me pour regarder le temps qui vient&nbsp;\u00bb, c\u2019est s\u00fbr&nbsp;; ta finesse d\u2019analyse emprunt\u00e9e aux grands merdia, ton jugement moutonnesque, tes conclusions avin\u00e9es de pilier de comptoir te permettront, c\u2019est certain de \u00ab&nbsp;r\u00e9sister aux incertitudes&nbsp;\u00bb&nbsp;; quant \u00e0 la \u00ab&nbsp;facilit\u00e9 et \u00e0 l\u2019adversit\u00e9&nbsp;\u00bb, n\u2019y fais-tu pas face chaque jour en r\u00e9coltant l\u2019obole que l\u2019Etat, dans sa grande mansu\u00e9tude, t\u2019octroit contre ta l\u00e2chet\u00e9 et ton silence.<br><br>Alors pourquoi t insurgerais tu si ton ma\u00eetre te demande d\u2019accepter le payer le prix de ta libert\u00e9 et de tes valeurs&nbsp;?Le pays craque de partout&nbsp;? Tu regardes ailleurs\u2026Tes valeurs sont hach\u00e9es \u00e0 la moulinette progressiste&nbsp;? Tu regardes ailleurs\u2026Ta famille&nbsp;? d\u00e9compos\u00e9e, recompos\u00e9e, bris\u00e9e, individualis\u00e9e, perdue\u2026 Tu regardes ailleurs\u2026Le boulot&nbsp;? pourquoi faire\u2026Ta vie&nbsp;? tu t\u2019es liqu\u00e9fi\u00e9, d\u00e9mat\u00e9rialis\u00e9, d\u00e9sincarn\u00e9 pour finir \u00e9vapor\u00e9 dans cet univers \u00e9th\u00e9r\u00e9 de l\u2019internet. Tu as la consistance d\u2019un pet de lapin.<br><br>L\u2019Etat se permet tout. Il ose et c\u2019est \u00e0 \u00e7a qu\u2019on le reconna\u00eet aurait dit Audiard&nbsp;; Il aurait tort de s\u2019en priver. Tu ne dis rien, trop occup\u00e9 \u00e0 surveiller tes like et te vider le peu d\u2019esprit \u00e0 coup de video tik tok o\u00f9 la banalit\u00e9 de la vie des autres comble ta d\u00e9sesp\u00e9rance.Manu, il a compris \u00e7a. Il s\u2019en permet des choses pour un Pr\u00e9sident.<br><br>\u00ab&nbsp;Accepter le prix de ta libert\u00e9\u2026&nbsp;\u00bb<br><br>Le prix&nbsp;? c\u2019est bien un langage de financier, \u00e7a.<br><br>Quel prix ?&nbsp;Les imp\u00f4ts ? il n\u2019a pas fallu attendre la crise du COVID pur s\u2019apercevoir qu\u2019ils ne servent pas \u00e0 grand-chose si ce n\u2019est \u00e0 culpabiliser ceux qui en sont redevables et \u00e0 glorifier ceux qui y \u00e9chappent. Les imp\u00f4ts c\u2019est la d\u00e9mocratie disent certains sauf quand ce sont toujours les m\u00eames qui les payent ou les \u00e9vitent.<br><br>Ton silence&nbsp;? il peut se passer \u00e0 peu pr\u00e8s tout et n\u2019importe quoi en France aujourd\u2019hui sans que cela n\u2019\u00e9meuve plus personne&nbsp;: agressions, viols, rod\u00e9o urbain de nos chers petits banlieusards-excus\u00e9s-de-tout-parce-que-c\u2019est-quand-m\u00eame-pas-leur-faute, voitures flamb\u00e9es fa\u00e7on momo du 9-3 en cas de r\u00e9bellion du nain de l\u2019Int\u00e9rieur, profanation d\u2019\u00e9glise, d\u00e9tournement d\u2019argent public-qui-vient-de-tout-le-monde-mais-qui-finit-dans-la-poche-de-quelques-uns, karting entre taulards VIP et j\u2019en passe\u2026 Ferme ta gueule et tu seras libre&nbsp;!<br><br>Au fait, de quelle libert\u00e9 parle t-on&nbsp;? C\u2019est quoi \u00eatre libre&nbsp;?Libert\u00e9 d\u2019expression&nbsp;? bof, tu ne l\u2019utilises m\u00eame pas. Il parait que la libert\u00e9 d\u2019expression ne s\u2019use que si l\u2019on ne s\u2019en sert pas. Tu en es tellement \u00e9conome qu\u2019elle n\u2019existe plus.Libert\u00e9 de pens\u00e9e&nbsp;? aie faut r\u00e9fl\u00e9chir, \u00e7a demande un effort, chercher, se documenter, \u00e9changer, analyser, phosphorer alors que enfonc\u00e9 dans le canap\u00e9, t\u00e9l\u00e9commande \u00e0 la main, bibine et chips dans l\u2019autre, le pr\u00eat \u00e0 consommer t\u00e9l\u00e9visuel nourrit ton app\u00e9tit de vide intellectuel \u00e0 coup de t\u00e9l\u00e9-r\u00e9alit\u00e9 toujours plus \u00e9loign\u00e9e de ta vraie vie.<br><br>\u00ab Accepter le prix de ta libert\u00e9\u2026 \u00bb<br><br>Moi je crois avoir assez pay\u00e9. Et puis ma libert\u00e9, je me la suis mise derri\u00e8re l\u2019oreille depuis la crise du COVID, cette belle crise tomb\u00e9e \u00e0 point, cette exp\u00e9rience grandeur nature sur le conditionnement de l\u2019esp\u00e8ce humaine, sur la capacit\u00e9 \u00e0 accepter tout et son contraire sans sourciller.<br><br>Faudra raquer. Faudra que nos enfants raquent. Faudra que nos petits-enfants raquent.<br><br>Les apprentis sorciers tout biberonn\u00e9s \u00e0 l\u2019id\u00e9al progressiste nous ont convaincus du haut de leur m\u00e9diocre jeunesse du bien-fond\u00e9 de leur inexp\u00e9rience. La jeunesse au pouvoir est notre fin.<br><br>Il y a un mot quand m\u00eame qui d\u00e9tonne. Un seul, puissant, profond, et pourtant oubli\u00e9 de beaucoup&nbsp;: \u00ab&nbsp;unis&nbsp;\u00bb.<br><br>Oui unis, tout peut changer.&nbsp;Unis, nous red\u00e9finirons de nouvelles connexions, r\u00e9elles celles-l\u00e0.<br><br>Unis, nous exprimerons notre souverainet\u00e9 sans laquelle il n\u2019est point de libert\u00e9. Unis, nous d\u00e9jouerons l\u2019individualisme, la segmentation de nos personnalit\u00e9s, le marketing des esprits si efficaces \u00e0 nous diviser, nous affaiblir.<br><br>Unis, nous existerons et reconquerrons nos valeurs perdues dans le macronisme.<br><br><strong>Peuple de France, r\u00e9veille toi&nbsp;!<\/strong><br><br>Pour prot\u00e9ger et servir avec honneur<br><br><strong>Merci pour votre soutien&nbsp;!<\/strong><br><br><strong>LE PEUPLE AVEC SON ARMEE&nbsp;!<\/strong>&nbsp;<br><br>P.MAGNERON<br>Responsable R\u00e9gional PA IDF<\/td><\/tr><\/tbody><\/table><\/figure>\n","protected":false},"excerpt":{"rendered":"<p>\/ \u00ad&nbsp; \u00ab&nbsp;Je pense \u00e0 notre peuple auquel il faudra de la force d&rsquo;\u00e2me pour&#8230;<\/p>\n","protected":false},"author":1,"featured_media":0,"comment_status":"open","ping_status":"open","sticky":false,"template":"","format":"standard","meta":{"_EventAllDay":false,"_EventTimezone":"","_EventStartDate":"","_EventEndDate":"","_EventStartDateUTC":"","_EventEndDateUTC":"","_EventShowMap":false,"_EventShowMapLink":false,"_EventURL":"","_EventCost":"","_EventCostDescription":"","_EventCurrencySymbol":"","_EventCurrencyCode":"","_EventCurrencyPosition":"","_EventDateTimeSeparator":"","_EventTimeRangeSeparator":"","_EventOrganizerID":[],"_EventVenueID":[],"_OrganizerEmail":"","_OrganizerPhone":"","_OrganizerWebsite":"","_VenueAddress":"","_VenueCity":"","_VenueCountry":"","_VenueProvince":"","_VenueState":"","_VenueZip":"","_VenuePhone":"","_VenueURL":"","_VenueStateProvince":"","_VenueLat":"","_VenueLng":"","_VenueShowMap":false,"_VenueShowMapLink":false,"jetpack_post_was_ever_published":false,"_jetpack_newsletter_access":"","_jetpack_dont_email_post_to_subs":false,"_jetpack_newsletter_tier_id":0,"_jetpack_memberships_contains_paywalled_content":false,"_jetpack_memberships_contains_paid_content":false,"footnotes":"","jetpack_publicize_message":"","jetpack_publicize_feature_enabled":true,"jetpack_social_post_already_shared":false,"jetpack_social_options":{"image_generator_settings":{"template":"highway","default_image_id":0,"font":"","enabled":false},"version":2}},"categories":[33,11,25],"tags":[],"class_list":["post-97","post","type-post","status-publish","format-standard","hentry","category-articles","category-editorial","category-politique"],"jetpack_publicize_connections":[],"jetpack_featured_media_url":"","jetpack_sharing_enabled":true,"_links":{"self":[{"href":"https:\/\/idnf.fr\/index.php?rest_route=\/wp\/v2\/posts\/97","targetHints":{"allow":["GET"]}}],"collection":[{"href":"https:\/\/idnf.fr\/index.php?rest_route=\/wp\/v2\/posts"}],"about":[{"href":"https:\/\/idnf.fr\/index.php?rest_route=\/wp\/v2\/types\/post"}],"author":[{"embeddable":true,"href":"https:\/\/idnf.fr\/index.php?rest_route=\/wp\/v2\/users\/1"}],"replies":[{"embeddable":true,"href":"https:\/\/idnf.fr\/index.php?rest_route=%2Fwp%2Fv2%2Fcomments&post=97"}],"version-history":[{"count":2,"href":"https:\/\/idnf.fr\/index.php?rest_route=\/wp\/v2\/posts\/97\/revisions"}],"predecessor-version":[{"id":267,"href":"https:\/\/idnf.fr\/index.php?rest_route=\/wp\/v2\/posts\/97\/revisions\/267"}],"wp:attachment":[{"href":"https:\/\/idnf.fr\/index.php?rest_route=%2Fwp%2Fv2%2Fmedia&parent=97"}],"wp:term":[{"taxonomy":"category","embeddable":true,"href":"https:\/\/idnf.fr\/index.php?rest_route=%2Fwp%2Fv2%2Fcategories&post=97"},{"taxonomy":"post_tag","embeddable":true,"href":"https:\/\/idnf.fr\/index.php?rest_route=%2Fwp%2Fv2%2Ftags&post=97"}],"curies":[{"name":"wp","href":"https:\/\/api.w.org\/{rel}","templated":true}]}}